{"id":177,"date":"2009-07-22T23:36:18","date_gmt":"2009-07-22T22:36:18","guid":{"rendered":"http:\/\/gruene-olching.de\/blog\/?p=177"},"modified":"2009-07-22T23:40:01","modified_gmt":"2009-07-22T22:40:01","slug":"gesundheitspolitik-bleibt-der-patient-auf-der-strecke","status":"publish","type":"post","link":"https:\/\/gruene-olching.de\/blog\/?p=177","title":{"rendered":"Gesundheitspolitik &#8211; bleibt der Patient auf der Strecke?"},"content":{"rendered":"<p><strong>Vortrag und Diskussion mit Dr. Monika Baumann, Fach\u00e4rztin f\u00fcr Physikalische und Rehabilitative Medizin<\/strong><\/p>\n<p><strong>Montag, 27. Juli 2009, 20.00 Uhr, Wirtshaus im Kolpingheim, Wolfstr. 9, Olching <\/strong><\/p>\n<p>Dr. Monika Baumann, Vorsitzende der Fach\u00e4rzte f\u00fcr Physikalische und Rehabilitative Medizin im Berufsverband Bayern, wird uns einen \u00dcberblick \u00fcber die jetzigen Einschr\u00e4nkungen und \u00fcber k\u00fcnftige Versorgungsmodelle in der ambulanten Versorgung geben.<\/p>\n<p>Eintritt frei<\/p>\n","protected":false},"excerpt":{"rendered":"<p>Vortrag und Diskussion mit Dr. Monika Baumann, Fach\u00e4rztin f\u00fcr Physikalische und Rehabilitative Medizin Montag, 27. Juli 2009, 20.00 Uhr, Wirtshaus im Kolpingheim, Wolfstr. 9, Olching Dr. Monika Baumann, Vorsitzende der&#8230; <\/p>\n","protected":false},"author":3,"featured_media":0,"comment_status":"closed","ping_status":"closed","sticky":false,"template":"","format":"standard","meta":{"footnotes":""},"categories":[1],"tags":[],"class_list":["post-177","post","type-post","status-publish","format-standard","hentry","category-allgemein"],"_links":{"self":[{"href":"https:\/\/gruene-olching.de\/blog\/index.php?rest_route=\/wp\/v2\/posts\/177","targetHints":{"allow":["GET"]}}],"collection":[{"href":"https:\/\/gruene-olching.de\/blog\/index.php?rest_route=\/wp\/v2\/posts"}],"about":[{"href":"https:\/\/gruene-olching.de\/blog\/index.php?rest_route=\/wp\/v2\/types\/post"}],"author":[{"embeddable":true,"href":"https:\/\/gruene-olching.de\/blog\/index.php?rest_route=\/wp\/v2\/users\/3"}],"replies":[{"embeddable":true,"href":"https:\/\/gruene-olching.de\/blog\/index.php?rest_route=%2Fwp%2Fv2%2Fcomments&post=177"}],"version-history":[{"count":0,"href":"https:\/\/gruene-olching.de\/blog\/index.php?rest_route=\/wp\/v2\/posts\/177\/revisions"}],"wp:attachment":[{"href":"https:\/\/gruene-olching.de\/blog\/index.php?rest_route=%2Fwp%2Fv2%2Fmedia&parent=177"}],"wp:term":[{"taxonomy":"category","embeddable":true,"href":"https:\/\/gruene-olching.de\/blog\/index.php?rest_route=%2Fwp%2Fv2%2Fcategories&post=177"},{"taxonomy":"post_tag","embeddable":true,"href":"https:\/\/gruene-olching.de\/blog\/index.php?rest_route=%2Fwp%2Fv2%2Ftags&post=177"}],"curies":[{"name":"wp","href":"https:\/\/api.w.org\/{rel}","templated":true}]}}