{"id":2683,"date":"2019-11-05T14:12:10","date_gmt":"2019-11-05T13:12:10","guid":{"rendered":"https:\/\/gruene-olching.de\/blog\/?p=2683"},"modified":"2019-11-15T19:33:50","modified_gmt":"2019-11-15T18:33:50","slug":"antraege-an-den-stadtrat-nachnutzung-der-ehemaligen-mittelschule","status":"publish","type":"post","link":"https:\/\/gruene-olching.de\/blog\/?p=2683","title":{"rendered":"Nachnutzung der ehemaligen Mittelschule"},"content":{"rendered":"\n<p>im Namen der Stadtratsfraktion B\u00dcNDNIS 90\/DIE GR\u00dcNEN stelle ich folgenden <strong>Antrag:<\/strong><\/p>\n\n\n\n<p><strong>Die Stadt Olching\nl\u00e4\u00dft einen Umbau der ehemaligen Mittelschule an der Heckenstra\u00dfe zu einer modernen\nStadtbibliothek mit Begegnungsst\u00e4tte und Seminarraum\/-r\u00e4umen sowie f\u00fcr die\nNutzung durch die Volkshochschule Olching untersuchen. Auch eine dauerhafte\nUnterbringung des Repair-Caf\u00e9s und m\u00f6glicher weiterer Nutzungen soll\nber\u00fccksichtigt werden. Die Untersuchung soll auch Aspekte wie Teilabbruch (z.B.\ndes fr\u00fcher als Aula genutzten Verbindungsbaus), Anbau sowie die Nutzung des\nPausenhofs mit einbeziehen. <\/strong><\/p>\n\n\n\n<p><strong>F\u00fcr die\nUntersuchung sind Finanzmittel im Haushalt 2020 einzustellen.<\/strong><\/p>\n\n\n\n<p>Begr\u00fcndung:<\/p>\n\n\n\n<p>Die derzeitige Unterbringung\nder B\u00fccherei Olching ist seit langem eine Zumutung f\u00fcr Personal und\nNutzer*innen: r\u00e4umlich stark beengt, sodass Veranstaltungen nur erschwert durchgef\u00fchrt\nwerden k\u00f6nnen, fehlende D\u00e4mmung verursacht sowohl im Sommer als auch im Winter ein\nunzumutbares Raumklima, fehlende Barrierefreiheit schlie\u00dft Menschen mit\neingeschr\u00e4nkter Mobilit\u00e4t aus. <\/p>\n\n\n\n<p>Auch die VHS\nist sehr beengt untergebracht. Durch r\u00e4umliche N\u00e4he von Stadtb\u00fccherei und VHS\nlie\u00dfen sich Synergieeffekte durch eine gemeinsame Nutzung von Seminarr\u00e4umen\nerzielen. Dies gilt auch f\u00fcr weitere m\u00f6gliche Nutzungen wie das Repair Caf\u00e9,\ndas in die Untersuchung mit einbezogen werden soll. <\/p>\n\n\n\n<p>Die ehemalige Mittelschule liegt gut erreichbar im Zentrum Olchings, was sie f\u00fcr die von uns vorgeschlagene Nachnutzung als Begegnungsst\u00e4tte mit B\u00fccherei, VHS und weiteren Nutzungen pr\u00e4destiniert. Der Geb\u00e4udekomplex ist seit dem Umzug der Mittelschule gro\u00dfenteils ungenutzt und verursacht trotzdem j\u00e4hrlich nicht zu vernachl\u00e4ssigende Unterhaltskosten. \u00dcberdies sollte \u2013 insbesondere in Zeiten allgemeiner Raumnot \u2013 andauernder Leerstand vermieden werden. <\/p>\n\n\n\n<p>Ingrid Jaschke<\/p>\n","protected":false},"excerpt":{"rendered":"<p>Die Olchinger Stadtbibliothek braucht dringend angemessene R\u00e4umlichkeiten &#8211; wir wollen abkl\u00e4ren, ob die ehemalige Mittelschule an der Heckenstra\u00dfe daf\u00fcr geeignet ist<\/p>\n","protected":false},"author":3,"featured_media":0,"comment_status":"closed","ping_status":"closed","sticky":false,"template":"","format":"standard","meta":{"footnotes":""},"categories":[2],"tags":[],"class_list":["post-2683","post","type-post","status-publish","format-standard","hentry","category-antrage-stadtrat"],"_links":{"self":[{"href":"https:\/\/gruene-olching.de\/blog\/index.php?rest_route=\/wp\/v2\/posts\/2683","targetHints":{"allow":["GET"]}}],"collection":[{"href":"https:\/\/gruene-olching.de\/blog\/index.php?rest_route=\/wp\/v2\/posts"}],"about":[{"href":"https:\/\/gruene-olching.de\/blog\/index.php?rest_route=\/wp\/v2\/types\/post"}],"author":[{"embeddable":true,"href":"https:\/\/gruene-olching.de\/blog\/index.php?rest_route=\/wp\/v2\/users\/3"}],"replies":[{"embeddable":true,"href":"https:\/\/gruene-olching.de\/blog\/index.php?rest_route=%2Fwp%2Fv2%2Fcomments&post=2683"}],"version-history":[{"count":6,"href":"https:\/\/gruene-olching.de\/blog\/index.php?rest_route=\/wp\/v2\/posts\/2683\/revisions"}],"predecessor-version":[{"id":2738,"href":"https:\/\/gruene-olching.de\/blog\/index.php?rest_route=\/wp\/v2\/posts\/2683\/revisions\/2738"}],"wp:attachment":[{"href":"https:\/\/gruene-olching.de\/blog\/index.php?rest_route=%2Fwp%2Fv2%2Fmedia&parent=2683"}],"wp:term":[{"taxonomy":"category","embeddable":true,"href":"https:\/\/gruene-olching.de\/blog\/index.php?rest_route=%2Fwp%2Fv2%2Fcategories&post=2683"},{"taxonomy":"post_tag","embeddable":true,"href":"https:\/\/gruene-olching.de\/blog\/index.php?rest_route=%2Fwp%2Fv2%2Ftags&post=2683"}],"curies":[{"name":"wp","href":"https:\/\/api.w.org\/{rel}","templated":true}]}}