{"id":3373,"date":"2020-03-03T15:10:15","date_gmt":"2020-03-03T14:10:15","guid":{"rendered":"https:\/\/gruene-olching.de\/blog\/?p=3373"},"modified":"2020-03-03T15:12:31","modified_gmt":"2020-03-03T14:12:31","slug":"interaktiver-probestimmzettel","status":"publish","type":"post","link":"https:\/\/gruene-olching.de\/blog\/?p=3373","title":{"rendered":"Interaktiver Probestimmzettel"},"content":{"rendered":"\n<p>Wer sich schon immer gefragt hat, welche M\u00f6glichkeiten man denn nun wirklich zum Ausf\u00fcllen der gro\u00dfen Stimmzettel f\u00fcr den Stadt- und Kreisrat hat: Hier finden Sie den <a rel=\"noreferrer noopener\" aria-label=\"interaktiven Probestimmzettel (\u00f6ffnet in neuem Tab)\" href=\"https:\/\/www.lra-ffb.de\/landkreis-politik\/weitereinformationen-mehr\/wahlen-und-abstimmungen\/kommunalwahlen-2020\/\" target=\"_blank\">interaktiven Probestimmzettel<\/a> des Landratsamts FFB f\u00fcr die Kreisratswahl mit einer kurzen Anleitung &#8230; einfach ausprobieren!<\/p>\n","protected":false},"excerpt":{"rendered":"<p>Wer sich schon immer gefragt hat, welche M\u00f6glichkeiten man denn nun wirklich zum Ausf\u00fcllen der gro\u00dfen Stimmzettel f\u00fcr den Stadt- und Kreisrat hat: Hier finden Sie den interaktiven Probestimmzettel des&#8230; <\/p>\n","protected":false},"author":9,"featured_media":0,"comment_status":"closed","ping_status":"closed","sticky":false,"template":"","format":"standard","meta":{"footnotes":""},"categories":[14],"tags":[],"class_list":["post-3373","post","type-post","status-publish","format-standard","hentry","category-kommunalwahl-2020"],"_links":{"self":[{"href":"https:\/\/gruene-olching.de\/blog\/index.php?rest_route=\/wp\/v2\/posts\/3373","targetHints":{"allow":["GET"]}}],"collection":[{"href":"https:\/\/gruene-olching.de\/blog\/index.php?rest_route=\/wp\/v2\/posts"}],"about":[{"href":"https:\/\/gruene-olching.de\/blog\/index.php?rest_route=\/wp\/v2\/types\/post"}],"author":[{"embeddable":true,"href":"https:\/\/gruene-olching.de\/blog\/index.php?rest_route=\/wp\/v2\/users\/9"}],"replies":[{"embeddable":true,"href":"https:\/\/gruene-olching.de\/blog\/index.php?rest_route=%2Fwp%2Fv2%2Fcomments&post=3373"}],"version-history":[{"count":2,"href":"https:\/\/gruene-olching.de\/blog\/index.php?rest_route=\/wp\/v2\/posts\/3373\/revisions"}],"predecessor-version":[{"id":3375,"href":"https:\/\/gruene-olching.de\/blog\/index.php?rest_route=\/wp\/v2\/posts\/3373\/revisions\/3375"}],"wp:attachment":[{"href":"https:\/\/gruene-olching.de\/blog\/index.php?rest_route=%2Fwp%2Fv2%2Fmedia&parent=3373"}],"wp:term":[{"taxonomy":"category","embeddable":true,"href":"https:\/\/gruene-olching.de\/blog\/index.php?rest_route=%2Fwp%2Fv2%2Fcategories&post=3373"},{"taxonomy":"post_tag","embeddable":true,"href":"https:\/\/gruene-olching.de\/blog\/index.php?rest_route=%2Fwp%2Fv2%2Ftags&post=3373"}],"curies":[{"name":"wp","href":"https:\/\/api.w.org\/{rel}","templated":true}]}}