{"id":3523,"date":"2020-03-19T23:02:21","date_gmt":"2020-03-19T22:02:21","guid":{"rendered":"https:\/\/gruene-olching.de\/blog\/?p=3523"},"modified":"2023-07-12T20:33:23","modified_gmt":"2023-07-12T18:33:23","slug":"stichwahl-keine-wahlempfehlung","status":"publish","type":"post","link":"https:\/\/gruene-olching.de\/blog\/?p=3523","title":{"rendered":"Stichwahl: keine Wahlempfehlung"},"content":{"rendered":"\n<p class=\"has-medium-font-size\"><strong>Pressemitteilung<\/strong><\/p>\n\n\n\n<p>Anl\u00e4sslich\nder in Olching bevorstehenden Stichwahl zwischen dem Amtsinhaber Andreas Magg\nund seinem Herausforderer Maximilian Gigl hat der Ortsvorstand der Olchinger\nGR\u00dcNEN einstimmig beschlossen, f\u00fcr keinen der zur Wahl stehenden Bewerber eine\nEmpfehlung auszusprechen. <\/p>\n\n\n\n<p>&#8222;Wir\nh\u00e4tten uns einen B\u00fcrgermeister gew\u00fcnscht, dem ein klimaschonender, sparsamer\nund verantwortungsvoller Umgang mit Freifl\u00e4chen wichtig ist; zum Beispiel durch\nVermeidung einer unsinnigen Umgehungsstra\u00dfe&#8220; betont Stadtr\u00e4tin und\nSprecherin des Ortsvorstands Heide Kuckelkorn.<\/p>\n\n\n\n<p>Deshalb\nbedauern Fraktion und Ortsvorstand, dass der gr\u00fcne B\u00fcrgermeisterkandidat\nMichael Maier als kommunalpolitischer Neuling zwar ein respektables Ergebnis\nerzielt hat, es aber leider f\u00fcr die Stichwahl nicht gereicht hat. <\/p>\n\n\n\n<p>\u201eDie\nGr\u00fcne Stadtratsfraktion tr\u00e4gt die Entscheidung keine Empfehlung auszusprechen\nmit\u201c best\u00e4rkt Fraktionsvorsitzende Ingrid Jaschke diese Haltung und erg\u00e4nzt:\n\u201eUnsere W\u00e4hlerinnen und W\u00e4hler sind autark und werden ihre Wahlentscheidung\nsicher \u00fcberlegt treffen\u201c.<\/p>\n","protected":false},"excerpt":{"rendered":"<p>Olchinger GR\u00dcNE sprechen weder f\u00fcr den amtierenden B\u00fcrgermeister noch f\u00fcr seinen Herausforderer eine Wahlempfehlung aus<\/p>\n","protected":false},"author":3,"featured_media":0,"comment_status":"closed","ping_status":"closed","sticky":false,"template":"","format":"standard","meta":{"footnotes":""},"categories":[14,30],"tags":[],"class_list":["post-3523","post","type-post","status-publish","format-standard","hentry","category-kommunalwahl-2020","category-pressemitteilungen"],"_links":{"self":[{"href":"https:\/\/gruene-olching.de\/blog\/index.php?rest_route=\/wp\/v2\/posts\/3523","targetHints":{"allow":["GET"]}}],"collection":[{"href":"https:\/\/gruene-olching.de\/blog\/index.php?rest_route=\/wp\/v2\/posts"}],"about":[{"href":"https:\/\/gruene-olching.de\/blog\/index.php?rest_route=\/wp\/v2\/types\/post"}],"author":[{"embeddable":true,"href":"https:\/\/gruene-olching.de\/blog\/index.php?rest_route=\/wp\/v2\/users\/3"}],"replies":[{"embeddable":true,"href":"https:\/\/gruene-olching.de\/blog\/index.php?rest_route=%2Fwp%2Fv2%2Fcomments&post=3523"}],"version-history":[{"count":3,"href":"https:\/\/gruene-olching.de\/blog\/index.php?rest_route=\/wp\/v2\/posts\/3523\/revisions"}],"predecessor-version":[{"id":3526,"href":"https:\/\/gruene-olching.de\/blog\/index.php?rest_route=\/wp\/v2\/posts\/3523\/revisions\/3526"}],"wp:attachment":[{"href":"https:\/\/gruene-olching.de\/blog\/index.php?rest_route=%2Fwp%2Fv2%2Fmedia&parent=3523"}],"wp:term":[{"taxonomy":"category","embeddable":true,"href":"https:\/\/gruene-olching.de\/blog\/index.php?rest_route=%2Fwp%2Fv2%2Fcategories&post=3523"},{"taxonomy":"post_tag","embeddable":true,"href":"https:\/\/gruene-olching.de\/blog\/index.php?rest_route=%2Fwp%2Fv2%2Ftags&post=3523"}],"curies":[{"name":"wp","href":"https:\/\/api.w.org\/{rel}","templated":true}]}}