{"id":3529,"date":"2020-03-23T20:49:56","date_gmt":"2020-03-23T19:49:56","guid":{"rendered":"https:\/\/gruene-olching.de\/blog\/?p=3529"},"modified":"2020-03-23T20:55:18","modified_gmt":"2020-03-23T19:55:18","slug":"fwo-auf-abwegen","status":"publish","type":"post","link":"https:\/\/gruene-olching.de\/blog\/?p=3529","title":{"rendered":"Freie W\u00e4hler Olching (FWO) auf Abwegen"},"content":{"rendered":"\n<p><strong>Pressemitteilung der Fraktion von Ingrid Jaschke<\/strong><\/p>\n\n\n\n<p>Nat\u00fcrlich gibt es\nGr\u00fcnde, den bisherigen Politik- und F\u00fchrungsstil im Olchinger Rathaus zu\nkritisieren, nicht zuletzt, weil B\u00fcrgermeister Magg und die SPD-Fraktion in den\nvergangenen 6 Jahren immer wieder&nbsp;die Mehrheit jenseits der CSU missachtet\nund statt dessen mit der CSU zusammengearbeitet haben. Dass sich die FWO mit\nihrer dezimierten Fraktion nun ihrerseits mit konstruierten Gemeinsamkeiten der\nCSU an den Hals werfen und f\u00fcr sich beanspruchen was sie am politischen Gegner\nkritisieren, macht ihre Kritik leider v\u00f6llig unglaubw\u00fcrdig.<\/p>\n\n\n\n<p>Weder bez\u00fcglich der\nPlanungen zur Paulusgrube noch bei der Entwicklung des Gewerbegebiets an der\nB471 waren bisher aus CSU-Kreisen kritische Stimmen zu h\u00f6ren. Nun soll eine in\nWindeseile nach der Wahl herbeigeredete Ann\u00e4herung vorgaukeln, es g\u00e4be mehr\nGemeinsamkeiten als bisher gelebt. <\/p>\n\n\n\n<p>Die FWO empfehlen Herrn\nGigl u.a. weil er angeblich eine Realschule bauen wird. Wei\u00df Ewald Zachmann\nnicht, dass weiterf\u00fchrende Schulen Saches des Landkreises sind und diese Schule\nseit Jahren vom CSU-Ministerium und der CSU- und FW-Mehrheit im Kreistag\nabgelehnt wird? Ebenso wie eine FOS\/BOS in Olching. Sowas nennt man\nW\u00e4hler*innen f\u00fcr dumm verkaufen. <\/p>\n\n\n\n<p>Ganz zu schweigen von\ndem strittigen Thema S\u00fcdwest-Umfahrung, dessen eifrigste Verfechterin der\nCSU-Fraktion angeh\u00f6rt. Wird unter dem M\u00e4ntelchen der Wahlempfehlung f\u00fcr die CSU\ngar die bisher klare Haltung der FWO-Fraktion gegen dieses unsinnige\nStra\u00dfenbauprojekt aufgegeben? Erstaunen w\u00fcrde es mich angesichts des\nHerumlavierens manches namhaften Landtagsabgeordneten aus den Reihen der Freien\nW\u00e4hler nicht. <\/p>\n\n\n\n<p>Die bem\u00fchte und\nfadenscheinige Argumentation der durch einen Vertrauensverlust der W\u00e4hler*innen\ngestutzten FWO sind ein Armutszeugnis f\u00fcr diese Gruppierung \u2013 die so\noffensichtlich Machterhalt in den Mittelpunkt ihres Handelns stellt. Und damit\nungewollt die Haltung von uns Gr\u00fcnen, keine Wahlempfehlung auszusprechen,\nbest\u00e4tigt. Denn uns liegt nichts daran, aus taktischem Kalk\u00fcl und in der Hoffnung\nauf den einen oder anderen Posten unsere Glaubw\u00fcrdigkeit \u00fcber Bord zu werfen.\nUnsere W\u00e4hlerinnen und W\u00e4hler werden sicher auch ohne unseren Rat bedacht\nabw\u00e4gen und entscheiden, wem sie ihre Stimme geben wollen. <\/p>\n","protected":false},"excerpt":{"rendered":"<p>Machterhalt um jeden Preis? FWO rechtfertigen ihre Wahlempfehlung f\u00fcr Gigl jun. mit fadenscheinigen Argumenten.   Ihre Glaubw\u00fcrdigkeit scheint ihnen nicht viel wert zu sein. <\/p>\n","protected":false},"author":3,"featured_media":0,"comment_status":"closed","ping_status":"closed","sticky":false,"template":"","format":"standard","meta":{"footnotes":""},"categories":[30,19],"tags":[],"class_list":["post-3529","post","type-post","status-publish","format-standard","hentry","category-pressemitteilungen","category-stadtratsfraktion"],"_links":{"self":[{"href":"https:\/\/gruene-olching.de\/blog\/index.php?rest_route=\/wp\/v2\/posts\/3529","targetHints":{"allow":["GET"]}}],"collection":[{"href":"https:\/\/gruene-olching.de\/blog\/index.php?rest_route=\/wp\/v2\/posts"}],"about":[{"href":"https:\/\/gruene-olching.de\/blog\/index.php?rest_route=\/wp\/v2\/types\/post"}],"author":[{"embeddable":true,"href":"https:\/\/gruene-olching.de\/blog\/index.php?rest_route=\/wp\/v2\/users\/3"}],"replies":[{"embeddable":true,"href":"https:\/\/gruene-olching.de\/blog\/index.php?rest_route=%2Fwp%2Fv2%2Fcomments&post=3529"}],"version-history":[{"count":2,"href":"https:\/\/gruene-olching.de\/blog\/index.php?rest_route=\/wp\/v2\/posts\/3529\/revisions"}],"predecessor-version":[{"id":3531,"href":"https:\/\/gruene-olching.de\/blog\/index.php?rest_route=\/wp\/v2\/posts\/3529\/revisions\/3531"}],"wp:attachment":[{"href":"https:\/\/gruene-olching.de\/blog\/index.php?rest_route=%2Fwp%2Fv2%2Fmedia&parent=3529"}],"wp:term":[{"taxonomy":"category","embeddable":true,"href":"https:\/\/gruene-olching.de\/blog\/index.php?rest_route=%2Fwp%2Fv2%2Fcategories&post=3529"},{"taxonomy":"post_tag","embeddable":true,"href":"https:\/\/gruene-olching.de\/blog\/index.php?rest_route=%2Fwp%2Fv2%2Ftags&post=3529"}],"curies":[{"name":"wp","href":"https:\/\/api.w.org\/{rel}","templated":true}]}}