{"id":3740,"date":"2020-07-06T12:40:00","date_gmt":"2020-07-06T10:40:00","guid":{"rendered":"https:\/\/gruene-olching.de\/blog\/?p=3740"},"modified":"2020-07-06T13:43:26","modified_gmt":"2020-07-06T11:43:26","slug":"19-06-2020-antrag-zur-bayerischen-windenergieoffensive","status":"publish","type":"post","link":"https:\/\/gruene-olching.de\/blog\/?p=3740","title":{"rendered":"19.06.2020 &#8211; Antrag zur Bayerischen Windenergieoffensive"},"content":{"rendered":"\n<p>Die Pressemitteilung des Bayerischen Wirtschaftministeriums zur Windenergieoffensive <a href=\"https:\/\/www.stmwi.bayern.de\/presse\/pressemeldungen\/pressemeldung\/pm\/43529\/\">https:\/\/www.stmwi.bayern.de\/presse\/pressemeldungen\/pressemeldung\/pm\/43529\/<\/a> nehmen die Olchinger GR\u00dcNEN zum Anlass f\u00fcr folgenden <strong>Antrag<\/strong>:<\/p>\n\n\n\n<p>Nachdem wir im FNP geeignete Standorte f\u00fcr Windenergie ausgewiesen haben und aus dem Energieforum heraus der Bau einer WEA angeregt wurde, w\u00fcrde ich es sehr begr\u00fc\u00dfen, wenn sich die Stadt Olching f\u00fcr die Windenergieoffensive Aufwind der bayerischen Staatsregierung\/STMWI bewerben w\u00fcrde.<\/p>\n\n\n\n<p>Daher<strong> beantrage<\/strong> ich, den SR bzw. zust\u00e4ndigen Ausschuss schnellstm\u00f6glich \u00fcber die Windenergieoffensive zu informieren und \u00fcber eine Bewerbung entscheiden zu lassen.<\/p>\n\n\n\n<p>Mit freundlichen Gr\u00fc\u00dfen,<br \/>Ingrid Jaschke<\/p>\n","protected":false},"excerpt":{"rendered":"<p>Am 17.6. ver\u00f6ffentlicht das Bayerische Wirtschaftsministerium eine Pressemitteilung des Minister Aiwanger zur Windenergieoffensive. &#8211; Die Olchinger GR\u00dcNEN reagieren sofort.<\/p>\n","protected":false},"author":5,"featured_media":0,"comment_status":"closed","ping_status":"closed","sticky":false,"template":"","format":"standard","meta":{"footnotes":""},"categories":[2,39],"tags":[],"class_list":["post-3740","post","type-post","status-publish","format-standard","hentry","category-antrage-stadtrat","category-erneuerbare-energien"],"_links":{"self":[{"href":"https:\/\/gruene-olching.de\/blog\/index.php?rest_route=\/wp\/v2\/posts\/3740","targetHints":{"allow":["GET"]}}],"collection":[{"href":"https:\/\/gruene-olching.de\/blog\/index.php?rest_route=\/wp\/v2\/posts"}],"about":[{"href":"https:\/\/gruene-olching.de\/blog\/index.php?rest_route=\/wp\/v2\/types\/post"}],"author":[{"embeddable":true,"href":"https:\/\/gruene-olching.de\/blog\/index.php?rest_route=\/wp\/v2\/users\/5"}],"replies":[{"embeddable":true,"href":"https:\/\/gruene-olching.de\/blog\/index.php?rest_route=%2Fwp%2Fv2%2Fcomments&post=3740"}],"version-history":[{"count":2,"href":"https:\/\/gruene-olching.de\/blog\/index.php?rest_route=\/wp\/v2\/posts\/3740\/revisions"}],"predecessor-version":[{"id":3742,"href":"https:\/\/gruene-olching.de\/blog\/index.php?rest_route=\/wp\/v2\/posts\/3740\/revisions\/3742"}],"wp:attachment":[{"href":"https:\/\/gruene-olching.de\/blog\/index.php?rest_route=%2Fwp%2Fv2%2Fmedia&parent=3740"}],"wp:term":[{"taxonomy":"category","embeddable":true,"href":"https:\/\/gruene-olching.de\/blog\/index.php?rest_route=%2Fwp%2Fv2%2Fcategories&post=3740"},{"taxonomy":"post_tag","embeddable":true,"href":"https:\/\/gruene-olching.de\/blog\/index.php?rest_route=%2Fwp%2Fv2%2Ftags&post=3740"}],"curies":[{"name":"wp","href":"https:\/\/api.w.org\/{rel}","templated":true}]}}