{"id":3803,"date":"2020-08-04T19:18:22","date_gmt":"2020-08-04T17:18:22","guid":{"rendered":"https:\/\/gruene-olching.de\/blog\/?p=3803"},"modified":"2020-08-30T15:25:19","modified_gmt":"2020-08-30T13:25:19","slug":"pressemitteilung-zu-vorwuerfen-der-csu-im-zusammenhang-mit-stadtraum-statt-parkraum","status":"publish","type":"post","link":"https:\/\/gruene-olching.de\/blog\/?p=3803","title":{"rendered":"Pressemitteilung zu Vorw\u00fcrfen der CSU im Zusammenhang mit &#8222;StadTraum statt Parkraum&#8220;"},"content":{"rendered":"\n<p>Wie vom Stadtrat mehrheitlich beschlossen, wurde am vergangenen Samstag der erste von zwei verkehrsberuhigten Samstagen in der Hauptstra\u00dfe zwischen Bahnhofstra\u00dfe und Josef-Kistler-Ring durchgef\u00fchrt.<\/p>\n\n\n\n<p>An der Lastenrad Critical Mass beteiligten sich \u00fcberwiegend Familien aus Olching und einige aus Gr\u00f6benzell. Der Konvoi von knapp 20 Lastenr\u00e4dern und R\u00e4dern mit Anh\u00e4nger bewegte sich wohlorganisiert und&nbsp; ein*e Fahrradfahrer*in nach dem\/der anderen in einer langen Reihe auf der jeweils rechten Fahrspur der Hauptstra\u00dfe vom Kaiserhof bis zum Kreisel Josef-Kistler-Ring und zur\u00fcck. Keiner der Teilnehmer*innen \u00fcberholte in der Lastenfahrrad-Schlange, benutzte den B\u00fcrgersteig oder befuhr eine Parkbucht.<\/p>\n\n\n\n<p>Von Seiten der Autofahrer*innen gab es einige negative und ungeduldige Reaktionen, aber auch viele positive und unterst\u00fctzende R\u00fcckmeldungen.<\/p>\n\n\n\n<p>Die immer am 1. Samstag im Monat stattfindende Critical Mass startete wie \u00fcblich um 11.00 Uhr am Ortsende und kam in der Hauptstra\u00dfe erst an, als die Lastenrad-Aktion l\u00e4ngst beendet war. Die neun Teilnehmer*innen fuhren gem\u00e4\u00df den geltenden Verkehrsregeln nicht im Verband sondern hintereinander her.<\/p>\n\n\n\n<p>Es gab mehrere \u00dcberholman\u00f6ver von Autofaher*innen mit gef\u00e4hrlich geringem Seitenabstand und Abschneiden der Vorausfahrenden, auch haben sich etliche Autos zwischen die Radelnden gezw\u00e4ngt und die Gruppe dadurch aufgesplittert. Schlie\u00dflich wurde ein Teilnehmer auf der Hauptstra\u00dfe von einem Autofahrer abgedr\u00e4ngt, angefahren und zu Sturz gebracht.<\/p>\n\n\n\n<p>Mit ihren dreisten Unterstellungen und Verdrehungen leistet die CSU keinen Beitrag, eine f\u00fcr alle Verkehrsteilnehmer*innen sichere und ertr\u00e4gliche Situation herbeizuf\u00fchren. Sie wiegelt auf, polarisiert und zementiert die Zust\u00e4nde. Denn \u201eChaos\u201c ist in Olchings \u201eGuter Stube\u201c Alltag \u2013 nicht zu jeder Stunde, aber doch fast t\u00e4glich zu bestimmten Zeiten. Am letzten Samstag war es verh\u00e4ltnism\u00e4\u00dfig ruhig \u2013 das Geschrei der Gegner dieser Aktionen umso schriller.<\/p>\n\n\n\n<p>Ingrid Jaschke, B 90\/DIE GR\u00dcNEN&nbsp;&nbsp;&nbsp;&nbsp;&nbsp;&nbsp;&nbsp;&nbsp;&nbsp;&nbsp;&nbsp;&nbsp;&nbsp;&nbsp;&nbsp;&nbsp;&nbsp;&nbsp;&nbsp;&nbsp;&nbsp;&nbsp;&nbsp;&nbsp;&nbsp;&nbsp;&nbsp; Ulrike Girtner; \u00d6DP                                  <\/p>\n\n\n\n<p>siehe <strong>Berichterstattun<\/strong>g in der Lokalpresse:<\/p>\n\n\n\n<div class=\"wp-block-group\"><div class=\"wp-block-group__inner-container is-layout-flow wp-block-group-is-layout-flow\">\n<div class=\"wp-block-group\"><div class=\"wp-block-group__inner-container is-layout-flow wp-block-group-is-layout-flow\">\n<ul class=\"wp-block-list\"><li>SZ vom 02.08.2020:  <a href=\"https:\/\/www.sueddeutsche.de\/muenchen\/fuerstenfeldbruck\/mobilitaet-mit-rikscha-und-lastenrad-1.4986387\" target=\"_blank\" rel=\"noreferrer noopener\">Mit Rikscha und Lastenrad<\/a>     und                                                                                                        <a href=\"https:\/\/www.sueddeutsche.de\/muenchen\/fuerstenfeldbruck\/zeugen-gesucht-radunfall-bei-aktionstag-in-olching-1.4986373\" target=\"_blank\" rel=\"noreferrer noopener\">Radunfall bei Aktionstag in Olching<\/a><\/li><\/ul>\n<\/div><\/div>\n<\/div><\/div>\n\n\n\n<ul class=\"wp-block-list\"><li>Merkur\/FFB-Tagblatt vom 02.08.2020: <a href=\"https:\/\/www.merkur.de\/lokales\/fuerstenfeldbruck\/olching-ort29215\/test-olching-autofreier-samstag-90016624.html\" target=\"_blank\" rel=\"noreferrer noopener\">Weniger Autos in Olchings Zentrum<\/a>  <\/li><\/ul>\n\n\n\n<ul class=\"wp-block-list\"><li>SZ vom03.08.2020:   <a href=\"https:\/\/www.sueddeutsche.de\/muenchen\/fuerstenfeldbruck\/olching-csu-olching-will-zweiten-aktionstag-streichen-1.4987820\" target=\"_blank\" rel=\"noreferrer noopener\">CSU will zweiten Aktionstag streichen<\/a>   <\/li><\/ul>\n\n\n\n<ul class=\"wp-block-list\"><li>SZ vom 04.08.2020: <a href=\"https:\/\/www.sueddeutsche.de\/muenchen\/fuerstenfeldbruck\/olching-aufregung-ueber-verkehrsberuhigung-1.4988878\" target=\"_blank\" rel=\"noreferrer noopener\">Aufregung \u00fcber Verkehrsberuhigung  <\/a> <\/li><li>SZ vom 04.08.2020: <a href=\"https:\/\/www.sueddeutsche.de\/muenchen\/fuerstenfeldbruck\/kommentar-die-csu-verweigert-sich-1.4988886\" target=\"_blank\" rel=\"noreferrer noopener\">Kommentar<\/a><\/li><\/ul>\n\n\n\n<p>                                                                                             <\/p>\n\n\n\n<p><\/p>\n\n\n\n<p><\/p>\n","protected":false},"excerpt":{"rendered":"<p>Gemeinsame Stellungnahme von GR\u00dcNEN und \u00d6DP zu den ma\u00dflos \u00fcbertriebenen Darstellungen der CSU, die mit einem Eilantrag den Aktionstag am 05. September verhindern will.<\/p>\n","protected":false},"author":3,"featured_media":0,"comment_status":"closed","ping_status":"closed","sticky":false,"template":"","format":"standard","meta":{"footnotes":""},"categories":[20,30,19,28],"tags":[],"class_list":["post-3803","post","type-post","status-publish","format-standard","hentry","category-critical-mass","category-pressemitteilungen","category-stadtratsfraktion","category-verkehr"],"_links":{"self":[{"href":"https:\/\/gruene-olching.de\/blog\/index.php?rest_route=\/wp\/v2\/posts\/3803","targetHints":{"allow":["GET"]}}],"collection":[{"href":"https:\/\/gruene-olching.de\/blog\/index.php?rest_route=\/wp\/v2\/posts"}],"about":[{"href":"https:\/\/gruene-olching.de\/blog\/index.php?rest_route=\/wp\/v2\/types\/post"}],"author":[{"embeddable":true,"href":"https:\/\/gruene-olching.de\/blog\/index.php?rest_route=\/wp\/v2\/users\/3"}],"replies":[{"embeddable":true,"href":"https:\/\/gruene-olching.de\/blog\/index.php?rest_route=%2Fwp%2Fv2%2Fcomments&post=3803"}],"version-history":[{"count":7,"href":"https:\/\/gruene-olching.de\/blog\/index.php?rest_route=\/wp\/v2\/posts\/3803\/revisions"}],"predecessor-version":[{"id":3811,"href":"https:\/\/gruene-olching.de\/blog\/index.php?rest_route=\/wp\/v2\/posts\/3803\/revisions\/3811"}],"wp:attachment":[{"href":"https:\/\/gruene-olching.de\/blog\/index.php?rest_route=%2Fwp%2Fv2%2Fmedia&parent=3803"}],"wp:term":[{"taxonomy":"category","embeddable":true,"href":"https:\/\/gruene-olching.de\/blog\/index.php?rest_route=%2Fwp%2Fv2%2Fcategories&post=3803"},{"taxonomy":"post_tag","embeddable":true,"href":"https:\/\/gruene-olching.de\/blog\/index.php?rest_route=%2Fwp%2Fv2%2Ftags&post=3803"}],"curies":[{"name":"wp","href":"https:\/\/api.w.org\/{rel}","templated":true}]}}