{"id":3871,"date":"2020-09-14T12:39:30","date_gmt":"2020-09-14T10:39:30","guid":{"rendered":"https:\/\/gruene-olching.de\/blog\/?p=3871"},"modified":"2020-09-17T11:23:43","modified_gmt":"2020-09-17T09:23:43","slug":"freitag-19-09-20-welt-parkingday-2020-in-ffb","status":"publish","type":"post","link":"https:\/\/gruene-olching.de\/blog\/?p=3871","title":{"rendered":"Freitag, 18.09.20 &#8211; Welt-Parking(day) 2020 in FFB"},"content":{"rendered":"\n<p>Gemeinsam wollen wir eine Radltour unternehmen zum Brucker Aktionstag &#8222;Aus dem Parkplatz wird Park&#8220;, der im Rahmen der Europ\u00e4ischen Mobilit\u00e4tswoche stattfindet.<\/p>\n\n\n\n<p>Start um 16 Uhr vom N\u00f6scherplatz in Olching, Besichtigung der Aktionen auf der Brucker Hauptstra\u00dfe, R\u00fcckfahrt ab 18 Uhr, L\u00e4nge der Strecke insgesamt ca. 15 km. Offen f\u00fcr alle Radler*innen!<\/p>\n\n\n\n<p class=\"has-text-align-left\">Flyer der Stadt FFB mit Aktionen zum Tag:<br \/><a href=\"https:\/\/www.fuerstenfeldbruck.de\/ffb\/web.nsf\/gfx\/9CA8AA3588E7C585C12585D8003E3ADC\/$file\/Flyer%20Park(ing)Day.pdf\">https:\/\/www.fuerstenfeldbruck.de\/ffb\/web.nsf\/gfx\/9CA8AA3588E7C585C12585D8003E3ADC\/$file\/Flyer%20Park(ing)Day.pdf<\/a><\/p>\n","protected":false},"excerpt":{"rendered":"<p>Radltour nach F\u00fcrstenfeldbruck. Abfahrt 16.00 Uhr N\u00f6scherplatz Olching. &#8211; Besuchen der Brucker Aktionen zum Welt-Parking(Day) &#8211; \u201eAus dem Parkplatz wird Park!\u201c <\/p>\n","protected":false},"author":5,"featured_media":0,"comment_status":"closed","ping_status":"closed","sticky":false,"template":"","format":"standard","meta":{"footnotes":""},"categories":[41,28],"tags":[],"class_list":["post-3871","post","type-post","status-publish","format-standard","hentry","category-stadtradeln","category-verkehr"],"_links":{"self":[{"href":"https:\/\/gruene-olching.de\/blog\/index.php?rest_route=\/wp\/v2\/posts\/3871","targetHints":{"allow":["GET"]}}],"collection":[{"href":"https:\/\/gruene-olching.de\/blog\/index.php?rest_route=\/wp\/v2\/posts"}],"about":[{"href":"https:\/\/gruene-olching.de\/blog\/index.php?rest_route=\/wp\/v2\/types\/post"}],"author":[{"embeddable":true,"href":"https:\/\/gruene-olching.de\/blog\/index.php?rest_route=\/wp\/v2\/users\/5"}],"replies":[{"embeddable":true,"href":"https:\/\/gruene-olching.de\/blog\/index.php?rest_route=%2Fwp%2Fv2%2Fcomments&post=3871"}],"version-history":[{"count":3,"href":"https:\/\/gruene-olching.de\/blog\/index.php?rest_route=\/wp\/v2\/posts\/3871\/revisions"}],"predecessor-version":[{"id":3874,"href":"https:\/\/gruene-olching.de\/blog\/index.php?rest_route=\/wp\/v2\/posts\/3871\/revisions\/3874"}],"wp:attachment":[{"href":"https:\/\/gruene-olching.de\/blog\/index.php?rest_route=%2Fwp%2Fv2%2Fmedia&parent=3871"}],"wp:term":[{"taxonomy":"category","embeddable":true,"href":"https:\/\/gruene-olching.de\/blog\/index.php?rest_route=%2Fwp%2Fv2%2Fcategories&post=3871"},{"taxonomy":"post_tag","embeddable":true,"href":"https:\/\/gruene-olching.de\/blog\/index.php?rest_route=%2Fwp%2Fv2%2Ftags&post=3871"}],"curies":[{"name":"wp","href":"https:\/\/api.w.org\/{rel}","templated":true}]}}