{"id":4745,"date":"2021-09-29T08:54:02","date_gmt":"2021-09-29T06:54:02","guid":{"rendered":"https:\/\/gruene-olching.de\/blog\/?p=4745"},"modified":"2021-10-11T08:18:02","modified_gmt":"2021-10-11T06:18:02","slug":"bundestagswahl-2021","status":"publish","type":"post","link":"https:\/\/gruene-olching.de\/blog\/?p=4745","title":{"rendered":"Bundestagswahl 2021"},"content":{"rendered":"\n<p class=\"has-medium-font-size\"><strong>Danke an unsere W\u00e4hlerinnen und W\u00e4hler!<\/strong><\/p>\n\n\n\n<figure class=\"wp-block-image size-full\"><a class=\"fancybox\" rel=\"gallery4745\" href=\"https:\/\/okvote.osrz-akdb.de\/OK.VOTE_OB\/BTW21\/09179142\/praesentation\/ergebnis.html?wahl_id=157&amp;stimmentyp=1&amp;id=ebene_3_id_78\"><img loading=\"lazy\" decoding=\"async\" width=\"734\" height=\"439\" src=\"https:\/\/gruene-olching.de\/blog\/wp-content\/uploads\/grafik-7.png\" alt=\"\" class=\"wp-image-4746\" srcset=\"https:\/\/gruene-olching.de\/blog\/wp-content\/uploads\/grafik-7.png 734w, https:\/\/gruene-olching.de\/blog\/wp-content\/uploads\/grafik-7-400x239.png 400w, https:\/\/gruene-olching.de\/blog\/wp-content\/uploads\/grafik-7-150x90.png 150w\" sizes=\"auto, (max-width: 734px) 100vw, 734px\" \/><\/a><\/figure>\n\n\n\n<p>Vielen Dank f\u00fcr Ihre Stimme! &#8211; Bei einer hohen Wahlbeteiligung von 83,89% konnten wir Olchinger GR\u00dcNE unser Wahlergebnis bei einer Bundestagswahl erneut steigern, gegen\u00fcber 11,62 % bei der BTW 2017. Auch bei den Erststimmen gab es eine Steigerung von 9,1 % auf 12,79 %. &#8211; Nat\u00fcrlich hatten die Umfragewerte zun\u00e4chst ein viel h\u00f6heres Ergebnis erwarten lassen, aber das lie\u00df sich dann nicht halten. Jetzt haben die GR\u00dcNEN aber als drittst\u00e4rkste Kraft im Bundestag ihre Position dennoch deutlich verbessert!<\/p>\n\n\n\n<p>Ein Wermutstropfen bei der Freude ist aber, dass es unserer Direktkandidatin, Beate Walter-Rosenheimer, nicht gelungen ist wieder in den Bundestag gew\u00e4hlt zu werden. Sie w\u00e4re aber die n\u00e4chste in der Reihe, falls sich doch noch etwas ver\u00e4ndern sollte und eine weitere Kandidatin nachr\u00fcckt. <\/p>\n\n\n\n<p>Wir m\u00f6chten Beate f\u00fcr ihre engagierte Arbeit im Deutschen Bundestag danken! Sie hat sich als Sprecherin f\u00fcr Jugendpolitik, Aus- und Weiterbildung und als Obfrau in der Enquetekommission &#8222;Berufliche Bildung in der digitalen Arbeitswelt&#8220; besonders f\u00fcr die Belange der Jugend eingesetzt! Und dennoch war sie f\u00fcr uns immer erreichbar. Vielen Dank und alles Gute!<\/p>\n","protected":false},"excerpt":{"rendered":"<p>Bei einer hohen Wahlbeteiligung von 83,89% konnten wir GR\u00dcNE unser Wahlergebnis steigern!<\/p>\n","protected":false},"author":5,"featured_media":4747,"comment_status":"closed","ping_status":"closed","sticky":false,"template":"","format":"standard","meta":{"footnotes":""},"categories":[1],"tags":[],"class_list":["post-4745","post","type-post","status-publish","format-standard","has-post-thumbnail","hentry","category-allgemein"],"_links":{"self":[{"href":"https:\/\/gruene-olching.de\/blog\/index.php?rest_route=\/wp\/v2\/posts\/4745","targetHints":{"allow":["GET"]}}],"collection":[{"href":"https:\/\/gruene-olching.de\/blog\/index.php?rest_route=\/wp\/v2\/posts"}],"about":[{"href":"https:\/\/gruene-olching.de\/blog\/index.php?rest_route=\/wp\/v2\/types\/post"}],"author":[{"embeddable":true,"href":"https:\/\/gruene-olching.de\/blog\/index.php?rest_route=\/wp\/v2\/users\/5"}],"replies":[{"embeddable":true,"href":"https:\/\/gruene-olching.de\/blog\/index.php?rest_route=%2Fwp%2Fv2%2Fcomments&post=4745"}],"version-history":[{"count":1,"href":"https:\/\/gruene-olching.de\/blog\/index.php?rest_route=\/wp\/v2\/posts\/4745\/revisions"}],"predecessor-version":[{"id":4748,"href":"https:\/\/gruene-olching.de\/blog\/index.php?rest_route=\/wp\/v2\/posts\/4745\/revisions\/4748"}],"wp:featuredmedia":[{"embeddable":true,"href":"https:\/\/gruene-olching.de\/blog\/index.php?rest_route=\/wp\/v2\/media\/4747"}],"wp:attachment":[{"href":"https:\/\/gruene-olching.de\/blog\/index.php?rest_route=%2Fwp%2Fv2%2Fmedia&parent=4745"}],"wp:term":[{"taxonomy":"category","embeddable":true,"href":"https:\/\/gruene-olching.de\/blog\/index.php?rest_route=%2Fwp%2Fv2%2Fcategories&post=4745"},{"taxonomy":"post_tag","embeddable":true,"href":"https:\/\/gruene-olching.de\/blog\/index.php?rest_route=%2Fwp%2Fv2%2Ftags&post=4745"}],"curies":[{"name":"wp","href":"https:\/\/api.w.org\/{rel}","templated":true}]}}