{"id":5009,"date":"2022-03-25T17:59:26","date_gmt":"2022-03-25T16:59:26","guid":{"rendered":"https:\/\/gruene-olching.de\/blog\/?p=5009"},"modified":"2022-03-25T18:14:13","modified_gmt":"2022-03-25T17:14:13","slug":"sa-26-03-2022-earth-hour-licht-aus","status":"publish","type":"post","link":"https:\/\/gruene-olching.de\/blog\/?p=5009","title":{"rendered":"Sa. 26.03.2022 &#8211; Earth Hour &#8211; Licht aus!"},"content":{"rendered":"\n<p>Beteiligt Euch an der vom <a href=\"https:\/\/www.wwf.de\/\">WWF <\/a>ins Leben gerufenen Earth Hour 2022!<\/p>\n\n\n\n<p>Immer am letzten Samstag im M\u00e4rz ist Earth Hour. Bei der &#8222;Stunde der Erde&#8220; setzen Menschen, St\u00e4dte und Unternehmen aus der ganzen Welt ein Zeichen f\u00fcr den Klimaschutz und unseren lebendigen Planeten, indem sie um 20.30 Uhr f\u00fcr eine Stunde in den eigenen vier W\u00e4nden oder an Denkm\u00e4lern und offiziellen Geb\u00e4uden das Licht ausmachen.<\/p>\n\n\n\n<p>Mit der Earth Hour wollen wir dieses Jahr auch ein gemeinsames Zeichen f\u00fcr Frieden in der Ukraine, in Europa und auf der ganzen Welt senden.<\/p>\n\n\n\n<p><strong>Am Samstag, 26. M\u00e4rz 2022 von 20.30 bis 21.30 Uhr hei\u00dft es weltweit: Licht aus!<\/strong><\/p>\n\n\n\n<p>Mit dieser Aktion wird auf die dringende Notwendigkeit zum Klimaschutz hingewiesen. Auch in Deutschland beteiligen sich viele Kommunen und verdunkeln bekannte Bauwerke und anderes mehr. <\/p>\n\n\n\n<p><strong>So auch Olching:<\/strong> <\/p>\n\n\n\n<p>Die Stadt Olching macht ihr Engagement auch in diesem Jahr wieder sichtbar und schaltet eine Stunde lang die Lichter am N\u00f6scherplatz (Stra\u00dfenbeleuchtung), vor dem KOM (Laternen) und vor dem Rathaus (Informationss\u00e4ule) ab.<\/p>\n\n\n\n<p>Machen Sie ein Foto oder Video von sich beim\u00a0Lichtausschalten und posten Sie es in den sozialen Netzwerken. Teilen Sie der Welt mit, dass Sie bei der Earth Hour mitmachen. Nutzen Sie die Hashtags <strong>#LichtAus<\/strong> und <strong>#EarthHour.<\/strong><\/p>\n","protected":false},"excerpt":{"rendered":"<p>Beteiligt Euch an der vom WWF ins Leben gerufenen Earth Hour! Am Samstag, 26. M\u00e4rz 2022 von 20.30 bis 21.30 Uhr hei\u00dft es weltweit: Licht aus!<\/p>\n<p>Mit dieser Aktion wird auf die dringende Notwendigkeit zum Klimaschutz hingewiesen. Auch in Deutschland beteiligen sich viele Kommunen und verdunkeln bekannte Bauwerke und anderes mehr. So auch Olching&#8230;<\/p>\n","protected":false},"author":5,"featured_media":0,"comment_status":"closed","ping_status":"closed","sticky":false,"template":"","format":"standard","meta":{"footnotes":""},"categories":[34],"tags":[],"class_list":["post-5009","post","type-post","status-publish","format-standard","hentry","category-sonstiges"],"_links":{"self":[{"href":"https:\/\/gruene-olching.de\/blog\/index.php?rest_route=\/wp\/v2\/posts\/5009","targetHints":{"allow":["GET"]}}],"collection":[{"href":"https:\/\/gruene-olching.de\/blog\/index.php?rest_route=\/wp\/v2\/posts"}],"about":[{"href":"https:\/\/gruene-olching.de\/blog\/index.php?rest_route=\/wp\/v2\/types\/post"}],"author":[{"embeddable":true,"href":"https:\/\/gruene-olching.de\/blog\/index.php?rest_route=\/wp\/v2\/users\/5"}],"replies":[{"embeddable":true,"href":"https:\/\/gruene-olching.de\/blog\/index.php?rest_route=%2Fwp%2Fv2%2Fcomments&post=5009"}],"version-history":[{"count":5,"href":"https:\/\/gruene-olching.de\/blog\/index.php?rest_route=\/wp\/v2\/posts\/5009\/revisions"}],"predecessor-version":[{"id":5016,"href":"https:\/\/gruene-olching.de\/blog\/index.php?rest_route=\/wp\/v2\/posts\/5009\/revisions\/5016"}],"wp:attachment":[{"href":"https:\/\/gruene-olching.de\/blog\/index.php?rest_route=%2Fwp%2Fv2%2Fmedia&parent=5009"}],"wp:term":[{"taxonomy":"category","embeddable":true,"href":"https:\/\/gruene-olching.de\/blog\/index.php?rest_route=%2Fwp%2Fv2%2Fcategories&post=5009"},{"taxonomy":"post_tag","embeddable":true,"href":"https:\/\/gruene-olching.de\/blog\/index.php?rest_route=%2Fwp%2Fv2%2Ftags&post=5009"}],"curies":[{"name":"wp","href":"https:\/\/api.w.org\/{rel}","templated":true}]}}