{"id":5465,"date":"2023-03-14T22:25:13","date_gmt":"2023-03-14T21:25:13","guid":{"rendered":"https:\/\/gruene-olching.de\/blog\/?p=5465"},"modified":"2023-03-26T19:02:16","modified_gmt":"2023-03-26T17:02:16","slug":"25-03-2023-10-12-uhr-olchinger-radlflohmarkt-auf-dem-volksfestplatz","status":"publish","type":"post","link":"https:\/\/gruene-olching.de\/blog\/?p=5465","title":{"rendered":"25.03.2023 10-12 Uhr &#8211; Olchinger Radlflohmarkt auf dem Volksfestplatz"},"content":{"rendered":"\n<p>Der Olchinger Radlflohmarkt findet wieder am Samstag, den 25.M\u00e4rz 2023 von 10 bis 12 Uhr statt. <\/p>\n\n\n\n<p>Auf dem Olchinger Volksfestplatz an der Toni-M\u00e4rz-Stra\u00dfe darf bei dem Verkauf von privat an privat alles verkauft werden, was R\u00e4der hat und unmotorisiert betrieben wird. Eingeschlossen nat\u00fcrlich elektrisch angetriebene Fahrr\u00e4der. <\/p>\n\n\n\n<p>Der ADFC wird wieder dabei sein und Ihre Fahrr\u00e4der gegen eine geringe Geb\u00fchr codieren und damit diebstahlsicherer machen. F\u00fcr das Codieren ist die Vorlage eines Eigentumsnachweises, wie z.B. der Rechnung, notwendig. <\/p>\n\n\n\n<p>Der Olchinger Helferkreis Asyl mit seiner Fahrradwerkstatt bietet aufbereitete Fahrr\u00e4der an und nimmt gern wieder Fahrradspenden entgegen. Aus dem Erl\u00f6s wird der Fortbestand der Fahrradwerkstatt gesichert.<\/p>\n\n\n\n<p>Die Standgeb\u00fchr f\u00fcr den Verkauf von privat an privat wird gestaffelt<\/p>\n\n\n\n<ul class=\"wp-block-list\">\n<li>3 Euro f\u00fcr bis zu zwei Fahrr\u00e4der, bzw. Rollschuhe und \u00e4hnliche Fortbewegungsmittel<\/li>\n\n\n\n<li>5 Euro f\u00fcr bis zu f\u00fcnf Fahrr\u00e4der<\/li>\n\n\n\n<li>10 Euro f\u00fcr mehr als f\u00fcnf Fahrr\u00e4der. <\/li>\n<\/ul>\n\n\n\n<p>Aufbau ab 9.30 Uhr. <\/p>\n\n\n\n<p>Das eingenommene Geld f\u00fcr die Standgeb\u00fchr und ggf. dar\u00fcber hinaus gegebene Spenden werden f\u00fcr einen guten Zweck eingesetzt.<\/p>\n","protected":false},"excerpt":{"rendered":"<p>Samstag, den 25. M\u00e4rz 2023 von 10 bis 12 Uhr auf dem Volksfestplatz in Olching, Toni-M\u00e4rz-Stra\u00dfe. Verkauf von privat an privat. Die Fahrradwerkstatt des Helferkreises Asyl Olching nimmt Fahrradspenden entgegen und verkauft reparierte Fahrr\u00e4der. Der ADFC bietet das Codieren Ihrer Fahrr\u00e4der an, bitte daf\u00fcr einen Eigentumsnachweis mitbringen.<br \/>\nAufbau ab 9.30 Uhr.<\/p>\n","protected":false},"author":5,"featured_media":5466,"comment_status":"closed","ping_status":"closed","sticky":false,"template":"","format":"standard","meta":{"footnotes":""},"categories":[47],"tags":[],"class_list":["post-5465","post","type-post","status-publish","format-standard","has-post-thumbnail","hentry","category-radlflohmarkt"],"_links":{"self":[{"href":"https:\/\/gruene-olching.de\/blog\/index.php?rest_route=\/wp\/v2\/posts\/5465","targetHints":{"allow":["GET"]}}],"collection":[{"href":"https:\/\/gruene-olching.de\/blog\/index.php?rest_route=\/wp\/v2\/posts"}],"about":[{"href":"https:\/\/gruene-olching.de\/blog\/index.php?rest_route=\/wp\/v2\/types\/post"}],"author":[{"embeddable":true,"href":"https:\/\/gruene-olching.de\/blog\/index.php?rest_route=\/wp\/v2\/users\/5"}],"replies":[{"embeddable":true,"href":"https:\/\/gruene-olching.de\/blog\/index.php?rest_route=%2Fwp%2Fv2%2Fcomments&post=5465"}],"version-history":[{"count":3,"href":"https:\/\/gruene-olching.de\/blog\/index.php?rest_route=\/wp\/v2\/posts\/5465\/revisions"}],"predecessor-version":[{"id":5469,"href":"https:\/\/gruene-olching.de\/blog\/index.php?rest_route=\/wp\/v2\/posts\/5465\/revisions\/5469"}],"wp:featuredmedia":[{"embeddable":true,"href":"https:\/\/gruene-olching.de\/blog\/index.php?rest_route=\/wp\/v2\/media\/5466"}],"wp:attachment":[{"href":"https:\/\/gruene-olching.de\/blog\/index.php?rest_route=%2Fwp%2Fv2%2Fmedia&parent=5465"}],"wp:term":[{"taxonomy":"category","embeddable":true,"href":"https:\/\/gruene-olching.de\/blog\/index.php?rest_route=%2Fwp%2Fv2%2Fcategories&post=5465"},{"taxonomy":"post_tag","embeddable":true,"href":"https:\/\/gruene-olching.de\/blog\/index.php?rest_route=%2Fwp%2Fv2%2Ftags&post=5465"}],"curies":[{"name":"wp","href":"https:\/\/api.w.org\/{rel}","templated":true}]}}