{"id":5540,"date":"2023-05-08T07:50:29","date_gmt":"2023-05-08T05:50:29","guid":{"rendered":"https:\/\/gruene-olching.de\/blog\/?p=5540"},"modified":"2023-05-09T01:46:08","modified_gmt":"2023-05-08T23:46:08","slug":"die-amperauen-einzigartig-in-olching","status":"publish","type":"post","link":"https:\/\/gruene-olching.de\/blog\/?p=5540","title":{"rendered":"Die Amperauen &#8211; einzigartig in Olching"},"content":{"rendered":"\n<p>In den Nuller Jahren hier angekommen, waren die Amperauen mit ihrer Artenvielfalt, den B\u00e4umen, der Natur und der Landschaft f\u00fcr mich als leistungsorientierter Altersklassen Langstreckenl\u00e4ufer das ideale<br \/>Trainingsgel\u00e4nde.<br \/>Ich habe die Auen sch\u00e4tzen und lieben gelernt. Sie erstrecken sich von der Br\u00fccke in Geiselbullach bis zur R\u00f6merbr\u00fccke in Alt-Esting \u00fcber 7 Kilometer unber\u00fchrte Natur in einem Landschaftsschutzgebiet, nur unterbrochen von der Olchinger-Estinger Stra\u00dfe, die die Stadtteile Esting und Olching verbindet. In der Historie galt die Olchinger Stra\u00dfe am 13.01.1978 als endg\u00fcltig fertiggestellt und ist als Ortsstra\u00dfe<br \/>gewidmet.<br \/>Diese Stra\u00dfe ist verlegt unter die sogenannte \u201cF\u00fcnf L\u00f6cher Br\u00fccke&#8220;, was sie f\u00fcr den Schwerverkehr unpassierbar macht. Diese hat keine Systemrelevanz und dient fast ausschlie\u00dflich dem Individualverkehr und durchschneidet ein Landschaftsschutzgebiet.<br \/>Im August und September 2022 war die Stra\u00dfe aufgrund von Bauarbeiten f\u00fcr ca. 6 Wochen gesperrt worden. Der Beobachter konnte feststellen, wie sich eine Stille \u00fcber die Auen legte, wo sonst<br \/>Verkehr und Abgase ihr \u00dcbriges tun. Der Klimawandel, dem st\u00e4rkeren Bewusstsein f\u00fcr Natur, Artenvielfalt,<br \/>Tiere (Rehe etc.) und Landschaftsschutz ist zuk\u00fcnftig ins Auge zu fassen, diese Stra\u00dfe aufzulassen nach Vorbild der Stra\u00dfe durch den Englischen Garten in M\u00fcnchen. Es verkehren dort nur der \u00f6ffentliche Nahverkehr, Taxis, Fu\u00dfg\u00e4nger und Radfahrer. Im Zuge dessen kann f\u00fcr Olching dann ein durchgehendes, 7 Kilometer langes Landschaftsschutzgebiet entstehen, was wiederum ein einzigartiges Alleinstellungsmerkmal f\u00fcr die Amperstadt w\u00e4re.<br \/><\/p>\n\n\n\n<p><\/p>\n","protected":false},"excerpt":{"rendered":"<p>Was ihm an Olching besonders gef\u00e4llt und was er sich aus seiner Sicht f\u00fcr Olchings Amperauen w\u00fcnscht, schreibt Stadtrat Michael Kircher im Mitteilungsblatt vom April in der Rubrik &#8222;Auf ein Wort&#8220;. Diese pers\u00f6nliche Meinung spiegelt \u00fcbrigens nicht die Ansicht der GR\u00dcNEN Fraktion wider, die nat\u00fcrlich auch keinen Antrag dazu gestellt hat, wie Frau Hartl von der CSU in der Mai-Ausgabe des Mitteilungsblatts glauben machen will. Das ist nicht nur Wahlkampfget\u00f6se, sondern bewusste Irref\u00fchrung der Leser*innen und damit W\u00e4hler*innen durch Verbreitung von L\u00fcgen \u00fcber uns GR\u00dcNE im Stadtrat! <\/p>\n","protected":false},"author":3,"featured_media":5541,"comment_status":"closed","ping_status":"closed","sticky":false,"template":"","format":"standard","meta":{"footnotes":""},"categories":[46,19],"tags":[],"class_list":["post-5540","post","type-post","status-publish","format-standard","has-post-thumbnail","hentry","category-mitteilungsblatt","category-stadtratsfraktion"],"_links":{"self":[{"href":"https:\/\/gruene-olching.de\/blog\/index.php?rest_route=\/wp\/v2\/posts\/5540","targetHints":{"allow":["GET"]}}],"collection":[{"href":"https:\/\/gruene-olching.de\/blog\/index.php?rest_route=\/wp\/v2\/posts"}],"about":[{"href":"https:\/\/gruene-olching.de\/blog\/index.php?rest_route=\/wp\/v2\/types\/post"}],"author":[{"embeddable":true,"href":"https:\/\/gruene-olching.de\/blog\/index.php?rest_route=\/wp\/v2\/users\/3"}],"replies":[{"embeddable":true,"href":"https:\/\/gruene-olching.de\/blog\/index.php?rest_route=%2Fwp%2Fv2%2Fcomments&post=5540"}],"version-history":[{"count":7,"href":"https:\/\/gruene-olching.de\/blog\/index.php?rest_route=\/wp\/v2\/posts\/5540\/revisions"}],"predecessor-version":[{"id":5554,"href":"https:\/\/gruene-olching.de\/blog\/index.php?rest_route=\/wp\/v2\/posts\/5540\/revisions\/5554"}],"wp:featuredmedia":[{"embeddable":true,"href":"https:\/\/gruene-olching.de\/blog\/index.php?rest_route=\/wp\/v2\/media\/5541"}],"wp:attachment":[{"href":"https:\/\/gruene-olching.de\/blog\/index.php?rest_route=%2Fwp%2Fv2%2Fmedia&parent=5540"}],"wp:term":[{"taxonomy":"category","embeddable":true,"href":"https:\/\/gruene-olching.de\/blog\/index.php?rest_route=%2Fwp%2Fv2%2Fcategories&post=5540"},{"taxonomy":"post_tag","embeddable":true,"href":"https:\/\/gruene-olching.de\/blog\/index.php?rest_route=%2Fwp%2Fv2%2Ftags&post=5540"}],"curies":[{"name":"wp","href":"https:\/\/api.w.org\/{rel}","templated":true}]}}