{"id":6243,"date":"2024-02-29T17:54:43","date_gmt":"2024-02-29T16:54:43","guid":{"rendered":"https:\/\/gruene-olching.de\/blog\/?p=6243"},"modified":"2024-02-29T17:54:43","modified_gmt":"2024-02-29T16:54:43","slug":"mo-11-3-2024-die-herausforderungen-in-der-landwirtschaft-eichenau","status":"publish","type":"post","link":"https:\/\/gruene-olching.de\/blog\/?p=6243","title":{"rendered":"Mo. 11.3.2024 &#8211; Die Herausforderungen in der Landwirtschaft (Eichenau)"},"content":{"rendered":"\n<p><strong>Wir w\u00fcrden uns sehr freuen, Euch zu dieser sicherlich sehr interessanten Veranstaltung am Montag, den 11. M\u00e4rz 2024 um 19.30 Uhr in der Friesenhalle begr\u00fc\u00dfen zu d\u00fcrfen.<\/strong><\/p>\n\n\n\n<p>Klimawandel, Extremwetterereignisse, ver\u00e4nderte Ern\u00e4hrungsgewohnheiten und ein rasantes Bev\u00f6lkerungswachstum \u2013 die Landwirtschaft steht weltweit vor gro\u00dfen Herausforderungen. Auch in Deutschland ist der Agrarsektor abh\u00e4ngig von nat\u00fcrlichen Ressourcen, pr\u00e4gt das Landschaftsbild und ist vor allem wegen der Lebensmittelproduktion von herausragender Bedeutung. Gleichzeitig k\u00e4mpfen vor allem kleine H\u00f6fe um ihre wirtschaftliche Existenz. Wie sieht vor diesem Hintergrund die Zukunft der Landwirtschaft aus? Wie k\u00f6nnen Umwelt- und Klimaziele mit \u00f6konomischen und sozialen Zielen in Einklang gebracht werden? Wie kann artgerechte Tierhaltung umgesetzt werden? Und wie sollen die F\u00f6rdermittel der gemeinsamen EU-Agrarpolitik zuk\u00fcnftig eingesetzt werden?<\/p>\n\n\n\n<p><strong><u>Unsere G\u00e4ste:<\/u><\/strong><\/p>\n\n\n\n<ul class=\"wp-block-list\">\n<li><strong>Prof. Dr. Kurt-J\u00fcrgen H\u00fclsbergen<\/strong>, Lehrstuhl \u00d6kologischer Landbau und Pflanzenbausysteme,<\/li>\n<\/ul>\n\n\n\n<p>TU M\u00fcnchen&nbsp;<\/p>\n\n\n\n<ul class=\"wp-block-list\">\n<li><strong>Gisela Sengl<\/strong>, Biob\u00e4uerin und Sprecherin Landesverband Bayern von B\u00dcNDNIS 90\/DIE GR\u00dcNEN<\/li>\n\n\n\n<li><strong>Matthias Heitmayr<\/strong>, Kreisobmann des Bayerischen Bauernverbands Kreisgruppe F\u00fcrstenfeldbruck<\/li>\n\n\n\n<li><strong>Josef Schmid<\/strong>, Landesvorsitzender der Arbeitsgemeinschaft B\u00e4uerliche Landwirtschaft AbL e.V. in Bayern<\/li>\n\n\n\n<li><strong>Moderation: Ingrid H\u00fcgenell, S\u00fcddeutsche Zeitung Lokalredaktion F\u00fcrstenfeldbruck<\/strong><\/li>\n<\/ul>\n","protected":false},"excerpt":{"rendered":"<p>Wir w\u00fcrden uns sehr freuen, Euch zu dieser sicherlich sehr interessanten Veranstaltung am Montag, den 11. M\u00e4rz 2024 um 19.30 Uhr in der Friesenhalle begr\u00fc\u00dfen zu d\u00fcrfen. Klimawandel, Extremwetterereignisse, ver\u00e4nderte&#8230; <\/p>\n","protected":false},"author":5,"featured_media":0,"comment_status":"closed","ping_status":"closed","sticky":false,"template":"","format":"standard","meta":{"footnotes":""},"categories":[1,3],"tags":[],"class_list":["post-6243","post","type-post","status-publish","format-standard","hentry","category-allgemein","category-termine"],"_links":{"self":[{"href":"https:\/\/gruene-olching.de\/blog\/index.php?rest_route=\/wp\/v2\/posts\/6243","targetHints":{"allow":["GET"]}}],"collection":[{"href":"https:\/\/gruene-olching.de\/blog\/index.php?rest_route=\/wp\/v2\/posts"}],"about":[{"href":"https:\/\/gruene-olching.de\/blog\/index.php?rest_route=\/wp\/v2\/types\/post"}],"author":[{"embeddable":true,"href":"https:\/\/gruene-olching.de\/blog\/index.php?rest_route=\/wp\/v2\/users\/5"}],"replies":[{"embeddable":true,"href":"https:\/\/gruene-olching.de\/blog\/index.php?rest_route=%2Fwp%2Fv2%2Fcomments&post=6243"}],"version-history":[{"count":1,"href":"https:\/\/gruene-olching.de\/blog\/index.php?rest_route=\/wp\/v2\/posts\/6243\/revisions"}],"predecessor-version":[{"id":6244,"href":"https:\/\/gruene-olching.de\/blog\/index.php?rest_route=\/wp\/v2\/posts\/6243\/revisions\/6244"}],"wp:attachment":[{"href":"https:\/\/gruene-olching.de\/blog\/index.php?rest_route=%2Fwp%2Fv2%2Fmedia&parent=6243"}],"wp:term":[{"taxonomy":"category","embeddable":true,"href":"https:\/\/gruene-olching.de\/blog\/index.php?rest_route=%2Fwp%2Fv2%2Fcategories&post=6243"},{"taxonomy":"post_tag","embeddable":true,"href":"https:\/\/gruene-olching.de\/blog\/index.php?rest_route=%2Fwp%2Fv2%2Ftags&post=6243"}],"curies":[{"name":"wp","href":"https:\/\/api.w.org\/{rel}","templated":true}]}}