{"id":6372,"date":"2024-06-17T18:37:37","date_gmt":"2024-06-17T16:37:37","guid":{"rendered":"https:\/\/gruene-olching.de\/blog\/?p=6372"},"modified":"2024-07-02T16:23:26","modified_gmt":"2024-07-02T14:23:26","slug":"fr-21-6-17-uhr-stadtradeln-feierabend-fahrradtour-huegelrunde-mit-michael-kircher","status":"publish","type":"post","link":"https:\/\/gruene-olching.de\/blog\/?p=6372","title":{"rendered":"Fr. 5.7. 17 Uhr Stadtradeln &#8211; H\u00fcgelrunde die Zweite!"},"content":{"rendered":"\n<p><strong>Am kommenden Freitag, den 5.7.2024 wollen wir die H\u00fcgelrunde fahren!<\/strong><\/p>\n\n\n\n<p>Wir planen die Feierabend-Radltour unter F\u00fchrung von Stadtrat Michael Kircher im Rahmen des diesj\u00e4hrigen Stadtradelns. Die bald schon legend\u00e4re <em>H\u00fcgelrunde <\/em>fahren wir dann schon zum 4. Mal.<\/p>\n\n\n\n<p>Ausgangspunkt und <strong>Treffpunkt ist um 17 Uhr vor dem (<\/strong>ehemaligen) <strong>Radlgesch\u00e4ft Lacherbauer, Dachauer Str. 55, Esting<\/strong>.<br \/>Es geht Richtung Palsweis und Lauterbach durch das sch\u00f6ne Dachauer H\u00fcgelland. Dann \u00fcber Rottbach und Maisach zur\u00fcck nach Olching. Highlight ist die 100 j\u00e4hrige Linde.<br \/>Dauer gut 1,5 h, 25 km, H\u00f6hendifferenz ca. 122 m.<\/p>\n\n\n\n<p>Anschlie\u00dfend wollen wir die Runde bei einem k\u00fchlen Getr\u00e4nk und guten Gespr\u00e4chen abschlie\u00dfen. Wir planen bei Michi Meier im Tennispark in Gernlinden einzukehren.<\/p>\n\n\n\n<p>Falls das Wetter nicht mitspielen sollte, m\u00fcssen wir die Feierabendtour f\u00fcr dieses Jahr absagen. Wir w\u00fcrden das hier ver\u00f6ffentlichen und ggf. auf Facebook.<\/p>\n","protected":false},"excerpt":{"rendered":"<p>Am kommenden Freitag wagen wir einen zweiten Anlauf f\u00fcr unsere tolle H\u00fcgelrunde mit Michael Kircher! Anschlie\u00dfend planen wir eine Einkehr im Tennispark Gernlinden, bei Michi Meier!<\/p>\n","protected":false},"author":5,"featured_media":6385,"comment_status":"closed","ping_status":"closed","sticky":false,"template":"","format":"standard","meta":{"footnotes":""},"categories":[1,41],"tags":[],"class_list":["post-6372","post","type-post","status-publish","format-standard","has-post-thumbnail","hentry","category-allgemein","category-stadtradeln"],"_links":{"self":[{"href":"https:\/\/gruene-olching.de\/blog\/index.php?rest_route=\/wp\/v2\/posts\/6372","targetHints":{"allow":["GET"]}}],"collection":[{"href":"https:\/\/gruene-olching.de\/blog\/index.php?rest_route=\/wp\/v2\/posts"}],"about":[{"href":"https:\/\/gruene-olching.de\/blog\/index.php?rest_route=\/wp\/v2\/types\/post"}],"author":[{"embeddable":true,"href":"https:\/\/gruene-olching.de\/blog\/index.php?rest_route=\/wp\/v2\/users\/5"}],"replies":[{"embeddable":true,"href":"https:\/\/gruene-olching.de\/blog\/index.php?rest_route=%2Fwp%2Fv2%2Fcomments&post=6372"}],"version-history":[{"count":7,"href":"https:\/\/gruene-olching.de\/blog\/index.php?rest_route=\/wp\/v2\/posts\/6372\/revisions"}],"predecessor-version":[{"id":6386,"href":"https:\/\/gruene-olching.de\/blog\/index.php?rest_route=\/wp\/v2\/posts\/6372\/revisions\/6386"}],"wp:featuredmedia":[{"embeddable":true,"href":"https:\/\/gruene-olching.de\/blog\/index.php?rest_route=\/wp\/v2\/media\/6385"}],"wp:attachment":[{"href":"https:\/\/gruene-olching.de\/blog\/index.php?rest_route=%2Fwp%2Fv2%2Fmedia&parent=6372"}],"wp:term":[{"taxonomy":"category","embeddable":true,"href":"https:\/\/gruene-olching.de\/blog\/index.php?rest_route=%2Fwp%2Fv2%2Fcategories&post=6372"},{"taxonomy":"post_tag","embeddable":true,"href":"https:\/\/gruene-olching.de\/blog\/index.php?rest_route=%2Fwp%2Fv2%2Ftags&post=6372"}],"curies":[{"name":"wp","href":"https:\/\/api.w.org\/{rel}","templated":true}]}}