{"id":6444,"date":"2024-09-02T09:02:33","date_gmt":"2024-09-02T07:02:33","guid":{"rendered":"https:\/\/gruene-olching.de\/blog\/?p=6444"},"modified":"2024-09-02T09:03:01","modified_gmt":"2024-09-02T07:03:01","slug":"mi-11-9-19-00-uhr-offenes-treffen-mit-andreas-birzele","status":"publish","type":"post","link":"https:\/\/gruene-olching.de\/blog\/?p=6444","title":{"rendered":"Mi. 11.9. 19.00 Uhr Offenes Treffen mit Andreas Birzele"},"content":{"rendered":"\n<p>Wir treffen uns bei hoffentlich gutem Wetter im Biergarten der Olchinger Biermanufaktur! Falls es regnet wird dort sicher im Innenbereich Platz f\u00fcr uns sein.<br \/>Kommt ins Gespr\u00e4ch mit Andi Birzele, der von seiner Arbeit im Bayerischen Landtag berichten wird.<\/p>\n\n\n\n<p>Andreas Birzele vertritt unseren Stimmkreis F\u00fcrstenfeldbruck Ost seit September 2023 im Bayerischen Landtag. Er ist dort Sprecher f\u00fcr Kommunales sowie Beauftragter f\u00fcr das Handwerk der gr\u00fcnen Landtagsfraktion in Bayern.<\/p>\n\n\n\n<p>Wir freuen uns schon auf ihn und sind gespannt.<\/p>\n","protected":false},"excerpt":{"rendered":"<p>Wir treffen uns bei hoffentlich gutem Wetter im Biergarten der Olchinger Biermanufaktur! Falls es regnet wird dort sicher im Innenbereich Platz f\u00fcr uns sein.<br \/>\nKommt ins Gespr\u00e4ch mit Andi Birzele, der von seiner Arbeit im Bayerischen Landtag berichten wird.<\/p>\n","protected":false},"author":5,"featured_media":4722,"comment_status":"closed","ping_status":"closed","sticky":false,"template":"","format":"standard","meta":{"footnotes":""},"categories":[1,9],"tags":[],"class_list":["post-6444","post","type-post","status-publish","format-standard","has-post-thumbnail","hentry","category-allgemein","category-offenes-treffen"],"_links":{"self":[{"href":"https:\/\/gruene-olching.de\/blog\/index.php?rest_route=\/wp\/v2\/posts\/6444","targetHints":{"allow":["GET"]}}],"collection":[{"href":"https:\/\/gruene-olching.de\/blog\/index.php?rest_route=\/wp\/v2\/posts"}],"about":[{"href":"https:\/\/gruene-olching.de\/blog\/index.php?rest_route=\/wp\/v2\/types\/post"}],"author":[{"embeddable":true,"href":"https:\/\/gruene-olching.de\/blog\/index.php?rest_route=\/wp\/v2\/users\/5"}],"replies":[{"embeddable":true,"href":"https:\/\/gruene-olching.de\/blog\/index.php?rest_route=%2Fwp%2Fv2%2Fcomments&post=6444"}],"version-history":[{"count":1,"href":"https:\/\/gruene-olching.de\/blog\/index.php?rest_route=\/wp\/v2\/posts\/6444\/revisions"}],"predecessor-version":[{"id":6445,"href":"https:\/\/gruene-olching.de\/blog\/index.php?rest_route=\/wp\/v2\/posts\/6444\/revisions\/6445"}],"wp:featuredmedia":[{"embeddable":true,"href":"https:\/\/gruene-olching.de\/blog\/index.php?rest_route=\/wp\/v2\/media\/4722"}],"wp:attachment":[{"href":"https:\/\/gruene-olching.de\/blog\/index.php?rest_route=%2Fwp%2Fv2%2Fmedia&parent=6444"}],"wp:term":[{"taxonomy":"category","embeddable":true,"href":"https:\/\/gruene-olching.de\/blog\/index.php?rest_route=%2Fwp%2Fv2%2Fcategories&post=6444"},{"taxonomy":"post_tag","embeddable":true,"href":"https:\/\/gruene-olching.de\/blog\/index.php?rest_route=%2Fwp%2Fv2%2Ftags&post=6444"}],"curies":[{"name":"wp","href":"https:\/\/api.w.org\/{rel}","templated":true}]}}