{"id":6636,"date":"2025-01-16T12:48:13","date_gmt":"2025-01-16T11:48:13","guid":{"rendered":"https:\/\/gruene-olching.de\/blog\/?p=6636"},"modified":"2025-01-16T13:33:58","modified_gmt":"2025-01-16T12:33:58","slug":"migration-als-chance-fuer-den-arbeitsmarkt","status":"publish","type":"post","link":"https:\/\/gruene-olching.de\/blog\/?p=6636","title":{"rendered":"Migration als Chance f\u00fcr den Arbeitsmarkt"},"content":{"rendered":"\n<p>Zahntechniker, medizinische und zahnmedizinische Fachangestellte, Kfz-Mechatroniker, Kinderpflegerin, Fahrradtechniker, Friseur, Friseurin, Einzelhandelskaufmann, Elektroniker, B\u00fcrokauffrau, B\u00e4ckereifachverk\u00e4uferin \u2013 all diese Ausbildungen haben junge Olchinger Gefl\u00fcchtete hier gemacht. Und f\u00fcr all diese Berufe wird Nachwuchs gesucht. Unternehmen und Arbeitsmarkt-Experten sind sich einig, dass wir Migration brauchen, um den durch den demografischen Wandel bedingten Mangel an Fach- und Arbeitskr\u00e4ften auszugleichen. Im Widerspruch dazu steht, dass die Migration in Meinungsumfragen im letzten Jahr zeitweise auf Platz 1 der wichtigsten Probleme stand. Ich bin \u00fcberzeugt, dass positive Beispiele die Wahrnehmung \u00e4ndern k\u00f6nnen. Eines davon ist, wie Hebertshausen im Dachauer Land mit seinen Gefl\u00fcchteten umgeht. Die kleine Gemeinde hat \u00fcberproportional viele Menschen aufgenommen. Die erfolgreiche Eingliederung der Gefl\u00fcchteten \u2013 viele von ihnen arbeiten in \u00f6rtlichen Betrieben \u2013 hat B\u00fcrgermeister Reischl, CSU, deutschlandweit bekannt gemacht. Aber auch aus Olching gibt es Erfolge zu vermelden, wie die oben aufgez\u00e4hlten Berufe zeigen. Die Stadt hat seit 2016 eine halbe Stelle f\u00fcr die soziale Beratung im Asylbereich eingerichtet. Diese Stelle hat dazu beigetragen, Kinder und Jugendliche erfolgreich ins Bildungssystem zu integrieren und viele Erwachsene in Besch\u00e4ftigungsverh\u00e4ltnisse zu bringen. Ich hoffe sehr, dass die Stadt diese wichtige Arbeit und die Olchinger \u201eErfolgsstory\u201c mit vielen weiteren positiven Beispielen fortsetzt. Denn wir brauchen beides: sowohl den Nachwuchs als auch die guten Nachrichten. Damit Migration eher als Chance denn als Problem wahrgenommen wird.<\/p>\n\n\n\n<p>Christiane Tupac-Yupanqui<\/p>\n","protected":false},"excerpt":{"rendered":"<p>In der Januar-Ausgabe des Olchinger Mitteilungsblatts berichtet Christiane Tupac-Yupanqui, unsere Referentin f\u00fcr Migration, Integration und Gleichstellung, \u00fcber die erfolgreiche Ausbildung und Integration in den Arbeitsmarkt junger Gefl\u00fcchteter in Olching und unserer Nachbarschaft. Sie setzt sich daf\u00fcr ein, dass Migration eher als Chance denn als Problem wahrgenommen wird. Denn Vielfalt ist eine St\u00e4rke, die uns alle voranbringt!<\/p>\n","protected":false},"author":3,"featured_media":6643,"comment_status":"closed","ping_status":"closed","sticky":false,"template":"","format":"standard","meta":{"footnotes":""},"categories":[46,19],"tags":[],"class_list":["post-6636","post","type-post","status-publish","format-standard","has-post-thumbnail","hentry","category-mitteilungsblatt","category-stadtratsfraktion"],"_links":{"self":[{"href":"https:\/\/gruene-olching.de\/blog\/index.php?rest_route=\/wp\/v2\/posts\/6636","targetHints":{"allow":["GET"]}}],"collection":[{"href":"https:\/\/gruene-olching.de\/blog\/index.php?rest_route=\/wp\/v2\/posts"}],"about":[{"href":"https:\/\/gruene-olching.de\/blog\/index.php?rest_route=\/wp\/v2\/types\/post"}],"author":[{"embeddable":true,"href":"https:\/\/gruene-olching.de\/blog\/index.php?rest_route=\/wp\/v2\/users\/3"}],"replies":[{"embeddable":true,"href":"https:\/\/gruene-olching.de\/blog\/index.php?rest_route=%2Fwp%2Fv2%2Fcomments&post=6636"}],"version-history":[{"count":3,"href":"https:\/\/gruene-olching.de\/blog\/index.php?rest_route=\/wp\/v2\/posts\/6636\/revisions"}],"predecessor-version":[{"id":6647,"href":"https:\/\/gruene-olching.de\/blog\/index.php?rest_route=\/wp\/v2\/posts\/6636\/revisions\/6647"}],"wp:featuredmedia":[{"embeddable":true,"href":"https:\/\/gruene-olching.de\/blog\/index.php?rest_route=\/wp\/v2\/media\/6643"}],"wp:attachment":[{"href":"https:\/\/gruene-olching.de\/blog\/index.php?rest_route=%2Fwp%2Fv2%2Fmedia&parent=6636"}],"wp:term":[{"taxonomy":"category","embeddable":true,"href":"https:\/\/gruene-olching.de\/blog\/index.php?rest_route=%2Fwp%2Fv2%2Fcategories&post=6636"},{"taxonomy":"post_tag","embeddable":true,"href":"https:\/\/gruene-olching.de\/blog\/index.php?rest_route=%2Fwp%2Fv2%2Ftags&post=6636"}],"curies":[{"name":"wp","href":"https:\/\/api.w.org\/{rel}","templated":true}]}}