{"id":6859,"date":"2025-05-18T09:24:38","date_gmt":"2025-05-18T07:24:38","guid":{"rendered":"https:\/\/gruene-olching.de\/blog\/?p=6859"},"modified":"2025-05-18T09:43:58","modified_gmt":"2025-05-18T07:43:58","slug":"mit-herzblut-fuer-olching","status":"publish","type":"post","link":"https:\/\/gruene-olching.de\/blog\/?p=6859","title":{"rendered":"Mit Herzblut f\u00fcr Olching"},"content":{"rendered":"\n<p>Seit 2000 ist Ingrid Teil des Olchinger Gemeinde- bzw. Stadtrats. Als ehemalige Umwelt- und Jugendreferentin und in ihrer Amtszeit als 3. B\u00fcrgermeisterin (2007 &#8211; 2008 und erneut ab 2020) hat sie ma\u00dfgeblich zur Entwicklung unserer Stadt beigetragen. Als Vorsitzende der gr\u00fcnen Fraktion im Stadtrat setzt sie sich konsequent f\u00fcr nachhaltige Stadtentwicklung und soziale Gerechtigkeit ein. Im Kreistag vertritt sie unsere Interessen seit 2008.<\/p>\n\n\n\n<p>Wir gratulieren von Herzen und danken f\u00fcr dieses au\u00dfergew\u00f6hnliche kommunalpolitische Engagement! Menschen wie Ingrid zeigen, wie wichtig gr\u00fcne Politik vor Ort ist &#8211; f\u00fcr eine lebenswerte Zukunft in Olching und dar\u00fcber hinaus.<\/p>\n\n\n\n<p>Foto (v.l.n.r.): Landrat Thomas Karmasin, Dr. Ingrid Jaschke, 2. B\u00fcrgermeister Maximilian Gigl, der im Namen der Stadt Olching gratulierte<\/p>\n\n\n\n<p><\/p>\n\n\n\n<p><\/p>\n","protected":false},"excerpt":{"rendered":"<p>Dr. Ingrid Jaschke, 3. B\u00fcrgermeisterin und Fraktionsvorsitzende unserer gr\u00fcnen Stadtratsfraktion, wurde k\u00fcrzlich f\u00fcr ihr langj\u00e4hriges kommunalpolitisches Engagement die Verdienstmedaille in Bronze verliehen. <\/p>\n","protected":false},"author":3,"featured_media":6865,"comment_status":"closed","ping_status":"closed","sticky":false,"template":"","format":"standard","meta":{"footnotes":""},"categories":[1],"tags":[],"class_list":["post-6859","post","type-post","status-publish","format-standard","has-post-thumbnail","hentry","category-allgemein"],"_links":{"self":[{"href":"https:\/\/gruene-olching.de\/blog\/index.php?rest_route=\/wp\/v2\/posts\/6859","targetHints":{"allow":["GET"]}}],"collection":[{"href":"https:\/\/gruene-olching.de\/blog\/index.php?rest_route=\/wp\/v2\/posts"}],"about":[{"href":"https:\/\/gruene-olching.de\/blog\/index.php?rest_route=\/wp\/v2\/types\/post"}],"author":[{"embeddable":true,"href":"https:\/\/gruene-olching.de\/blog\/index.php?rest_route=\/wp\/v2\/users\/3"}],"replies":[{"embeddable":true,"href":"https:\/\/gruene-olching.de\/blog\/index.php?rest_route=%2Fwp%2Fv2%2Fcomments&post=6859"}],"version-history":[{"count":6,"href":"https:\/\/gruene-olching.de\/blog\/index.php?rest_route=\/wp\/v2\/posts\/6859\/revisions"}],"predecessor-version":[{"id":6869,"href":"https:\/\/gruene-olching.de\/blog\/index.php?rest_route=\/wp\/v2\/posts\/6859\/revisions\/6869"}],"wp:featuredmedia":[{"embeddable":true,"href":"https:\/\/gruene-olching.de\/blog\/index.php?rest_route=\/wp\/v2\/media\/6865"}],"wp:attachment":[{"href":"https:\/\/gruene-olching.de\/blog\/index.php?rest_route=%2Fwp%2Fv2%2Fmedia&parent=6859"}],"wp:term":[{"taxonomy":"category","embeddable":true,"href":"https:\/\/gruene-olching.de\/blog\/index.php?rest_route=%2Fwp%2Fv2%2Fcategories&post=6859"},{"taxonomy":"post_tag","embeddable":true,"href":"https:\/\/gruene-olching.de\/blog\/index.php?rest_route=%2Fwp%2Fv2%2Ftags&post=6859"}],"curies":[{"name":"wp","href":"https:\/\/api.w.org\/{rel}","templated":true}]}}