{"id":6997,"date":"2025-09-16T16:23:11","date_gmt":"2025-09-16T14:23:11","guid":{"rendered":"https:\/\/gruene-olching.de\/blog\/?p=6997"},"modified":"2025-09-17T14:26:34","modified_gmt":"2025-09-17T12:26:34","slug":"autofreier-sonntag-radltour-zum-oekomarkt-nach-puchheim","status":"publish","type":"post","link":"https:\/\/gruene-olching.de\/blog\/?p=6997","title":{"rendered":"Autofreier Sonntag: Radltour zum \u00d6komarkt nach Puchheim"},"content":{"rendered":"\n<p><strong>B\u00fcrgermeisterkandidatin der Olchinger GR\u00dcNEN, Laura M\u00fcller,\u00a0 l\u00e4dt zur gemeinsamen Fahrradtour zum \u00d6komarkt nach Puchheim ein<\/strong><\/p>\n\n\n\n<p><strong>Olching, <\/strong>16.09.2025. Am kommenden autofreien Sonntag, dem 21. September 2025, veranstaltet die B\u00fcrgermeisterkandidatin von B\u00dcNDNIS 90\/DIE GR\u00dcNEN, Laura M\u00fcller, eine gemeinschaftliche Fahrradtour zum \u00d6komarkt nach Puchheim. Die Veranstaltung findet im Rahmen der europ\u00e4ischen Mobilit\u00e4tswoche statt und unterstreicht das Engagement der Gr\u00fcnen f\u00fcr nachhaltige Mobilit\u00e4t und regionale Wirtschaftskreisl\u00e4ufe.<\/p>\n\n\n\n<p><strong>Treffpunkt f\u00fcr die Radltour ist am N\u00f6scherplatz bei der Kirche, Abfahrt um 11.00 Uhr.&nbsp;<\/strong><\/p>\n\n\n\n<p>Die Route f\u00fchrt \u00fcber lokale Radwege nach Puchheim, wo die Teilnehmerinnen und Teilnehmer den vielf\u00e4ltigen \u00d6komarkt mit regionalen und biologischen Produkten und diversen Informationsst\u00e4nden rund um den nachhaltig gestalteten Alltag erkunden k\u00f6nnen.<br \/>Laura M\u00fcller: &#8222;An einem autofreien Sonntag gemeinsam in die Pedale zu treten, verbindet das Angenehme mit dem N\u00fctzlichen. Wir setzen ein Zeichen f\u00fcr klimafreundliche Mobilit\u00e4t und unterst\u00fctzen gleichzeitig regionale Erzeuger auf dem \u00d6komarkt in Puchheim. Diese Veranstaltung ist eine hervorragende Gelegenheit f\u00fcr B\u00fcrgerinnen und B\u00fcrger, mit mir ins Gespr\u00e4ch zu kommen und sich \u00fcber meine Visionen f\u00fcr eine nachhaltige Zukunft unserer Stadt auszutauschen.&#8220;<br \/>Die Radltour ist f\u00fcr Teilnehmerinnen und Teilnehmer jeden Alters geeignet, Kinder in Begleitung ihrer Eltern oder einer Aufsichtsperson. Eine Anmeldung ist nicht erforderlich. Alle Interessierten sind herzlich eingeladen, ihre Fahrr\u00e4der zu satteln und sich der umweltfreundlichen Tour, an der auch Olchings 3. B\u00fcrgermeisterin Dr. Ingrid Jaschke sowie weitere Mitglieder der Gr\u00fcnen Stadtratsfraktion teilnehmen werden, anzuschlie\u00dfen.<\/p>\n\n\n\n<p><strong>\u00dcber Laura M\u00fcller:<\/strong><br \/><br \/>Laura M\u00fcller ist die B\u00fcrgermeisterkandidatin von B\u00dcNDNIS 90\/DIE GR\u00dcNEN f\u00fcr die kommende Kommunalwahl in Olching. Mit ihrem Engagement f\u00fcr Klimaschutz, nachhaltige Mobilit\u00e4t und b\u00fcrgernahe Politik setzt sie sich f\u00fcr eine zukunftsf\u00e4hige Entwicklung der Stadt ein.<br \/><\/p>\n","protected":false},"excerpt":{"rendered":"<p>So. 21.09.2025: Auf geht&#8217;s zum \u00d6komarkt nach Puchheim!  Nutzt die Gelegenheit unsere B\u00fcrgermeisterkandidatin Laura M\u00fcller in ungezwungener Atmosph\u00e4re kennen zu lernen.<\/p>\n","protected":false},"author":3,"featured_media":6998,"comment_status":"closed","ping_status":"closed","sticky":false,"template":"","format":"standard","meta":{"footnotes":""},"categories":[61,30],"tags":[],"class_list":["post-6997","post","type-post","status-publish","format-standard","has-post-thumbnail","hentry","category-kommunalwahl-2026","category-pressemitteilungen"],"_links":{"self":[{"href":"https:\/\/gruene-olching.de\/blog\/index.php?rest_route=\/wp\/v2\/posts\/6997","targetHints":{"allow":["GET"]}}],"collection":[{"href":"https:\/\/gruene-olching.de\/blog\/index.php?rest_route=\/wp\/v2\/posts"}],"about":[{"href":"https:\/\/gruene-olching.de\/blog\/index.php?rest_route=\/wp\/v2\/types\/post"}],"author":[{"embeddable":true,"href":"https:\/\/gruene-olching.de\/blog\/index.php?rest_route=\/wp\/v2\/users\/3"}],"replies":[{"embeddable":true,"href":"https:\/\/gruene-olching.de\/blog\/index.php?rest_route=%2Fwp%2Fv2%2Fcomments&post=6997"}],"version-history":[{"count":2,"href":"https:\/\/gruene-olching.de\/blog\/index.php?rest_route=\/wp\/v2\/posts\/6997\/revisions"}],"predecessor-version":[{"id":7008,"href":"https:\/\/gruene-olching.de\/blog\/index.php?rest_route=\/wp\/v2\/posts\/6997\/revisions\/7008"}],"wp:featuredmedia":[{"embeddable":true,"href":"https:\/\/gruene-olching.de\/blog\/index.php?rest_route=\/wp\/v2\/media\/6998"}],"wp:attachment":[{"href":"https:\/\/gruene-olching.de\/blog\/index.php?rest_route=%2Fwp%2Fv2%2Fmedia&parent=6997"}],"wp:term":[{"taxonomy":"category","embeddable":true,"href":"https:\/\/gruene-olching.de\/blog\/index.php?rest_route=%2Fwp%2Fv2%2Fcategories&post=6997"},{"taxonomy":"post_tag","embeddable":true,"href":"https:\/\/gruene-olching.de\/blog\/index.php?rest_route=%2Fwp%2Fv2%2Ftags&post=6997"}],"curies":[{"name":"wp","href":"https:\/\/api.w.org\/{rel}","templated":true}]}}