{"id":7353,"date":"2026-01-07T19:35:06","date_gmt":"2026-01-07T18:35:06","guid":{"rendered":"https:\/\/gruene-olching.de\/blog\/?p=7353"},"modified":"2026-01-13T16:44:16","modified_gmt":"2026-01-13T15:44:16","slug":"di-13-1-2026-19-00-uhr-social-media-ab-16-podiumsdiskussion","status":"publish","type":"post","link":"https:\/\/gruene-olching.de\/blog\/?p=7353","title":{"rendered":"Di. 13.1.2026 19.00 Uhr &#8211; Social Media ab 16? &#8211; Podiumsdiskussion"},"content":{"rendered":"\n<p>Zum Thema diskutieren Benjamin Adjej, MdL mit Jakob Baiz, Sprecher der Olchinger GR\u00dcNEN, Dr. Bastian Braun, IT-Security-Spezialist sowie 3 jungen Menschen aus unserem Landkreis. Die Moderation \u00fcbernimmt Ronja von Wurmb-Seibel, unsere Landratskandidatin f\u00fcr die Kommunalwahl.<\/p>\n\n\n\n<p>\u201eSocial Media ab 16?\u201c findet im KOM statt, im Gretl-Bauer-Saal 1. OG.<\/p>\n\n\n\n<p>Beginn ist 19.00 Uhr.<\/p>\n\n\n\n<p>Die Landtagsabgeordnete Julia Post und unsere B\u00fcrgermeisterkandidatin Laura M\u00fcller, die urspr\u00fcnglich f\u00fcr die Veranstaltung vorgesehen waren, k\u00f6nnen leider krankheitsbedingt nicht kommen. <br \/><\/p>\n\n\n\n<p>Diese Veranstaltung wird auch im Livestream auf <a href=\"https:\/\/www.youtube.com\/@GrueneBruck\" target=\"_blank\" rel=\"noreferrer noopener\">https:\/\/www.youtube.com\/@GrueneBruck<\/a> \u00fcbertragen.<\/p>\n","protected":false},"excerpt":{"rendered":"<p>Zum Thema diskutieren Benjamin Adjej, MdL mit Jakob Baiz, Sprecher der Olchinger GR\u00dcNEN, Dr. Bastian Braun, IT-Security-Spezialist sowie 3 jungen Menschen aus unserem Landkreis. Die Moderation \u00fcbernimmt Ronja von Wurmb-Seibel, unsere Landratskandidatin f\u00fcr die Kommunalwahl.<br \/>\n\u201eSocial Media ab 16?\u201c findet im KOM statt, im Gretl-Bauer-Saal 1. OG.<\/p>\n<p>Beginn ist 19.00 Uhr.<\/p>\n","protected":false},"author":5,"featured_media":7293,"comment_status":"closed","ping_status":"closed","sticky":false,"template":"","format":"standard","meta":{"footnotes":""},"categories":[50],"tags":[],"class_list":["post-7353","post","type-post","status-publish","format-standard","has-post-thumbnail","hentry","category-veranstaltungen"],"_links":{"self":[{"href":"https:\/\/gruene-olching.de\/blog\/index.php?rest_route=\/wp\/v2\/posts\/7353","targetHints":{"allow":["GET"]}}],"collection":[{"href":"https:\/\/gruene-olching.de\/blog\/index.php?rest_route=\/wp\/v2\/posts"}],"about":[{"href":"https:\/\/gruene-olching.de\/blog\/index.php?rest_route=\/wp\/v2\/types\/post"}],"author":[{"embeddable":true,"href":"https:\/\/gruene-olching.de\/blog\/index.php?rest_route=\/wp\/v2\/users\/5"}],"replies":[{"embeddable":true,"href":"https:\/\/gruene-olching.de\/blog\/index.php?rest_route=%2Fwp%2Fv2%2Fcomments&post=7353"}],"version-history":[{"count":3,"href":"https:\/\/gruene-olching.de\/blog\/index.php?rest_route=\/wp\/v2\/posts\/7353\/revisions"}],"predecessor-version":[{"id":7385,"href":"https:\/\/gruene-olching.de\/blog\/index.php?rest_route=\/wp\/v2\/posts\/7353\/revisions\/7385"}],"wp:featuredmedia":[{"embeddable":true,"href":"https:\/\/gruene-olching.de\/blog\/index.php?rest_route=\/wp\/v2\/media\/7293"}],"wp:attachment":[{"href":"https:\/\/gruene-olching.de\/blog\/index.php?rest_route=%2Fwp%2Fv2%2Fmedia&parent=7353"}],"wp:term":[{"taxonomy":"category","embeddable":true,"href":"https:\/\/gruene-olching.de\/blog\/index.php?rest_route=%2Fwp%2Fv2%2Fcategories&post=7353"},{"taxonomy":"post_tag","embeddable":true,"href":"https:\/\/gruene-olching.de\/blog\/index.php?rest_route=%2Fwp%2Fv2%2Ftags&post=7353"}],"curies":[{"name":"wp","href":"https:\/\/api.w.org\/{rel}","templated":true}]}}