{"id":7355,"date":"2026-01-08T10:51:10","date_gmt":"2026-01-08T09:51:10","guid":{"rendered":"https:\/\/gruene-olching.de\/blog\/?p=7355"},"modified":"2026-02-05T12:24:46","modified_gmt":"2026-02-05T11:24:46","slug":"bavaria-ruft-auch-in-olching","status":"publish","type":"post","link":"https:\/\/gruene-olching.de\/blog\/?p=7355","title":{"rendered":"Bavaria ruft auch in Olching"},"content":{"rendered":"\n<p>Der Frauenanteil in Bayerns Politik ist nach wie vor niedrig. In den bayerischen Stadt- und Gemeinder\u00e4ten sitzen nur knapp 22 Prozent Frauen. Und in nur 10 Prozent von Bayerns \u00fcber 2.056 Gemeinden gibt es eine B\u00fcrgermeisterin.<\/p>\n\n\n\n<p>Das will \u201eBavaria ruft!\u201c \u00e4ndern, eine partei\u00fcbergreifende Initiative zur F\u00f6rderung von Frauen in der Kommunalpolitik. Schirmherrin ist Landtagspr\u00e4sidentin Ilse Aigner. Das Ziel: Mehr Frauen in die R\u00e4te!<br \/>Auch wenn der Frauenanteil im Olchinger Stadtrat dar\u00fcber liegt \u2013 er betr\u00e4gt rund 36 Prozent \u2013, gibt es auch hier noch Luft nach oben! Dass die gr\u00fcne Fraktion derzeit nur aus Frauen besteht, kann nicht ausgleichen, dass es in einer anderen Fraktion daf\u00fcr ausschlie\u00dflich M\u00e4nner gibt, und in der gr\u00f6\u00dften Fraktion der Frauenanteil noch unter dem bayerischen Durchschnitt liegt.<\/p>\n\n\n\n<p>Bei der Kommunalwahl am 8. M\u00e4rz haben die Olchingerinnen und Olchinger die Chance, diesen Anteil zu erh\u00f6hen, und sogar erstmals eine Frau zur B\u00fcrgermeisterin zu w\u00e4hlen. Denn gleich zwei Frauen stehen neben den beiden m\u00e4nnlichen Kandidaten um das B\u00fcrgermeisteramt zur Wahl. Auch im Landkreis bewirbt sich eine Frau f\u00fcr das Amt der Landr\u00e4tin \u2013 neben sechs m\u00e4nnlichen Mitbewerbern.<\/p>\n\n\n\n<p>Bavaria hat gerufen! Auf den Wahllisten stehen die Frauen bereit. Die W\u00e4hlerinnen und W\u00e4hler k\u00f6nnen am 8. M\u00e4rz entscheiden, ob auch sie dem Ruf folgen wollen.<\/p>\n\n\n\n<p>Christiane Tupac-Yupanqui<br \/>Referentin f\u00fcr Migration, Integration und Gleichstellung<\/p>\n","protected":false},"excerpt":{"rendered":"<p>Christiane Tupac-Yupanqui, Referentin f\u00fcr Migration, Integration und Gleichstellung im Stadtrat, pl\u00e4diert f\u00fcr mehr Frauen in den R\u00e4ten. Denn Politik wird besser, wenn sie die H\u00e4lfte der Gesellschaft wirklich abbildet.<\/p>\n","protected":false},"author":3,"featured_media":7356,"comment_status":"closed","ping_status":"closed","sticky":false,"template":"","format":"standard","meta":{"footnotes":""},"categories":[61,19],"tags":[],"class_list":["post-7355","post","type-post","status-publish","format-standard","has-post-thumbnail","hentry","category-kommunalwahl-2026","category-stadtratsfraktion"],"_links":{"self":[{"href":"https:\/\/gruene-olching.de\/blog\/index.php?rest_route=\/wp\/v2\/posts\/7355","targetHints":{"allow":["GET"]}}],"collection":[{"href":"https:\/\/gruene-olching.de\/blog\/index.php?rest_route=\/wp\/v2\/posts"}],"about":[{"href":"https:\/\/gruene-olching.de\/blog\/index.php?rest_route=\/wp\/v2\/types\/post"}],"author":[{"embeddable":true,"href":"https:\/\/gruene-olching.de\/blog\/index.php?rest_route=\/wp\/v2\/users\/3"}],"replies":[{"embeddable":true,"href":"https:\/\/gruene-olching.de\/blog\/index.php?rest_route=%2Fwp%2Fv2%2Fcomments&post=7355"}],"version-history":[{"count":2,"href":"https:\/\/gruene-olching.de\/blog\/index.php?rest_route=\/wp\/v2\/posts\/7355\/revisions"}],"predecessor-version":[{"id":7437,"href":"https:\/\/gruene-olching.de\/blog\/index.php?rest_route=\/wp\/v2\/posts\/7355\/revisions\/7437"}],"wp:featuredmedia":[{"embeddable":true,"href":"https:\/\/gruene-olching.de\/blog\/index.php?rest_route=\/wp\/v2\/media\/7356"}],"wp:attachment":[{"href":"https:\/\/gruene-olching.de\/blog\/index.php?rest_route=%2Fwp%2Fv2%2Fmedia&parent=7355"}],"wp:term":[{"taxonomy":"category","embeddable":true,"href":"https:\/\/gruene-olching.de\/blog\/index.php?rest_route=%2Fwp%2Fv2%2Fcategories&post=7355"},{"taxonomy":"post_tag","embeddable":true,"href":"https:\/\/gruene-olching.de\/blog\/index.php?rest_route=%2Fwp%2Fv2%2Ftags&post=7355"}],"curies":[{"name":"wp","href":"https:\/\/api.w.org\/{rel}","templated":true}]}}