{"id":7527,"date":"2026-02-25T16:24:29","date_gmt":"2026-02-25T15:24:29","guid":{"rendered":"https:\/\/gruene-olching.de\/blog\/?p=7527"},"modified":"2026-03-05T16:30:11","modified_gmt":"2026-03-05T15:30:11","slug":"politischer-spaziergang-mit-mdl-ursula-sowa","status":"publish","type":"post","link":"https:\/\/gruene-olching.de\/blog\/?p=7527","title":{"rendered":"Politischer Spaziergang mit MdL Ursula Sowa"},"content":{"rendered":"\n<div style=\"height:24px\" aria-hidden=\"true\" class=\"wp-block-spacer\"><\/div>\n\n\n\n<h2 class=\"wp-block-heading\">Perspektiven f\u00fcr lebendige Stadtzentren in Esting und Olching<\/h2>\n\n\n\n<div style=\"height:16px\" aria-hidden=\"true\" class=\"wp-block-spacer\"><\/div>\n\n\n\n<p>\u201eRegen? Kein Problem! Unser Stadtspaziergang mit Ursula Sowa war ein voller Erfolg \u2013 trotz Schmuddelwetter\u201c, sagt Laura M\u00fcller. \u201eImmer wieder haben sich Passantinnen und Passanten<br \/>spontan angeschlossen, um mit uns \u00fcber lebenswerte Pl\u00e4tze, sichere Radwege und gr\u00fcne Oasen zu<br \/>sprechen.\u201c<br \/><br \/>Wie sich Stadtzentren attraktiver, sicherer und lebenswerter gestalten lassen, erkundete die<br \/>B\u00fcrgermeisterkandidatin zusammen mit Ursula Sowa, Architektin, Landtagsabgeordnete und<br \/>baupolitische Sprecherin der Gr\u00fcnen im Bayerischen Landtag. Der \u201epolitische Spaziergang\u201c am 24.<br \/>Februar 2026 begann an der Erlebnisb\u00fccherei in Esting, ging weiter \u00fcber die Feursstra\u00dfe, den<br \/>Olchinger Bahnhof, Paulusgrube, Marienhof und endete mit einer Einkehr im Caf\u00e9 des Schokoladens<br \/>an der Hauptstra\u00dfe.<br \/><br \/>\u201eUnser Ziel war es, gemeinsam mit den Menschen vor Ort zu ergr\u00fcnden, welche Potenziale in ihren<br \/>Stadtteilen stecken \u2013 und wie wir diese gemeinsam heben k\u00f6nnen\u201c, sagt Laura M\u00fcller. \u201eDenn Politik<br \/>findet nicht nur im Rathaus statt, sondern dort, wo sie hingeh\u00f6rt: auf der Stra\u00dfe, im Gespr\u00e4ch, mit<br \/>euch. Danke an alle, die dabei waren \u2013 eure Ideen nehmen wir mit!\u201c<\/p>\n","protected":false},"excerpt":{"rendered":"<p>\u201eRegen? Kein Problem! Unser Stadtspaziergang mit Ursula Sowa war ein voller Erfolg \u2013 trotz Schmuddelwetter\u201c, sagt Laura M\u00fcller. \u201eImmer wieder haben sich Passantinnen und Passanten spontan angeschlossen, um mit uns \u00fcber lebenswerte Pl\u00e4tze, sichere Radwege und gr\u00fcne Oasen zu sprechen.\u201c <\/p>\n","protected":false},"author":11,"featured_media":7530,"comment_status":"closed","ping_status":"closed","sticky":false,"template":"","format":"standard","meta":{"footnotes":""},"categories":[61,9,22],"tags":[],"class_list":["post-7527","post","type-post","status-publish","format-standard","has-post-thumbnail","hentry","category-kommunalwahl-2026","category-offenes-treffen","category-stadtentwicklung"],"_links":{"self":[{"href":"https:\/\/gruene-olching.de\/blog\/index.php?rest_route=\/wp\/v2\/posts\/7527","targetHints":{"allow":["GET"]}}],"collection":[{"href":"https:\/\/gruene-olching.de\/blog\/index.php?rest_route=\/wp\/v2\/posts"}],"about":[{"href":"https:\/\/gruene-olching.de\/blog\/index.php?rest_route=\/wp\/v2\/types\/post"}],"author":[{"embeddable":true,"href":"https:\/\/gruene-olching.de\/blog\/index.php?rest_route=\/wp\/v2\/users\/11"}],"replies":[{"embeddable":true,"href":"https:\/\/gruene-olching.de\/blog\/index.php?rest_route=%2Fwp%2Fv2%2Fcomments&post=7527"}],"version-history":[{"count":9,"href":"https:\/\/gruene-olching.de\/blog\/index.php?rest_route=\/wp\/v2\/posts\/7527\/revisions"}],"predecessor-version":[{"id":7540,"href":"https:\/\/gruene-olching.de\/blog\/index.php?rest_route=\/wp\/v2\/posts\/7527\/revisions\/7540"}],"wp:featuredmedia":[{"embeddable":true,"href":"https:\/\/gruene-olching.de\/blog\/index.php?rest_route=\/wp\/v2\/media\/7530"}],"wp:attachment":[{"href":"https:\/\/gruene-olching.de\/blog\/index.php?rest_route=%2Fwp%2Fv2%2Fmedia&parent=7527"}],"wp:term":[{"taxonomy":"category","embeddable":true,"href":"https:\/\/gruene-olching.de\/blog\/index.php?rest_route=%2Fwp%2Fv2%2Fcategories&post=7527"},{"taxonomy":"post_tag","embeddable":true,"href":"https:\/\/gruene-olching.de\/blog\/index.php?rest_route=%2Fwp%2Fv2%2Ftags&post=7527"}],"curies":[{"name":"wp","href":"https:\/\/api.w.org\/{rel}","templated":true}]}}