{"id":7567,"date":"2026-03-09T21:48:46","date_gmt":"2026-03-09T20:48:46","guid":{"rendered":"https:\/\/gruene-olching.de\/blog\/?p=7567"},"modified":"2026-03-12T19:30:11","modified_gmt":"2026-03-12T18:30:11","slug":"ergebnisse-2026","status":"publish","type":"post","link":"https:\/\/gruene-olching.de\/blog\/?p=7567","title":{"rendered":"Ergebnisse Kommunalwahl 2026"},"content":{"rendered":"\n<div style=\"height:16px\" aria-hidden=\"true\" class=\"wp-block-spacer\"><\/div>\n\n\n\n<p>Bei der Kommunalwahl am <strong>08. M\u00e4rz 2026<\/strong> konnten die GR\u00dcNEN mit ihrer <strong>Stadtratsliste<\/strong> ihre Pr\u00e4senz im Olchinger Stadtrat sichern. Das Ergebnis unterstreicht, dass \u00f6kologische, soziale und nachhaltige Themen weiterhin einen festen Platz in der kommunalpolitischen Arbeit in Olching haben.<\/p>\n\n\n\n<p>Die <strong>Olchinger GR\u00dcNEN bedanken sich herzlich bei allen W\u00e4hlerinnen und W\u00e4hlern<\/strong> f\u00fcr das entgegengebrachte Vertrauen und die Unterst\u00fctzung. Die gew\u00e4hlten Stadtr\u00e4tinnen und Stadtr\u00e4te werden sich auch in der kommenden Amtsperiode engagiert f\u00fcr eine lebenswerte, soziale und zukunftsf\u00e4hige Stadt Olching einsetzen.<\/p>\n\n\n\n<p><strong>F\u00fcr B\u00dcNDNIS 90 \/ DIE GR\u00dcNEN wurden in den Stadtrat gew\u00e4hlt:<\/strong><\/p>\n\n\n\n<ul class=\"wp-block-list\">\n<li><strong>Laura M\u00fcller<\/strong><\/li>\n\n\n\n<li><strong>Dr. Ingrid Jaschke<\/strong><\/li>\n\n\n\n<li><strong>Marina Freudenstein<\/strong><\/li>\n\n\n\n<li><strong>Christiane Hillebrand<\/strong><\/li>\n\n\n\n<li><strong>Jakob Baiz<\/strong><\/li>\n<\/ul>\n\n\n\n<div style=\"height:24px\" aria-hidden=\"true\" class=\"wp-block-spacer\"><\/div>\n\n\n\n<p>Die vollst\u00e4ndigen und amtlichen Ergebnisse der Kommunalwahl sind auf der folgenden Website abrufbar:<\/p>\n\n\n\n<p><a href=\"https:\/\/wahlen.osrz-akdb.de\/ob-p\/179142\/0\/20260308\/gemeinderatswahl_gemeinde\/index.html\" target=\"_blank\" rel=\"noreferrer noopener\">Wahlergebnisse Kommunalwahl 2026 \u2013 Stadt Olching<\/a><\/p>\n\n\n\n<p>Wahl der B\u00fcrgermeister*in<\/p>\n\n\n\n<figure class=\"wp-block-image size-large\"><img loading=\"lazy\" decoding=\"async\" width=\"800\" height=\"284\" src=\"https:\/\/gruene-olching.de\/blog\/wp-content\/uploads\/KommWahl2026_BGM-800x284.jpeg\" alt=\"\" class=\"wp-image-7590\" srcset=\"https:\/\/gruene-olching.de\/blog\/wp-content\/uploads\/KommWahl2026_BGM-800x284.jpeg 800w, https:\/\/gruene-olching.de\/blog\/wp-content\/uploads\/KommWahl2026_BGM-400x142.jpeg 400w, https:\/\/gruene-olching.de\/blog\/wp-content\/uploads\/KommWahl2026_BGM-150x53.jpeg 150w, https:\/\/gruene-olching.de\/blog\/wp-content\/uploads\/KommWahl2026_BGM.jpeg 992w\" sizes=\"auto, (max-width: 800px) 100vw, 800px\" \/><\/figure>\n\n\n\n<p>Wahl des Stadtrats<\/p>\n\n\n\n<figure class=\"wp-block-image size-large\"><img loading=\"lazy\" decoding=\"async\" width=\"800\" height=\"258\" src=\"https:\/\/gruene-olching.de\/blog\/wp-content\/uploads\/KommWahl2026_Stadtrat-800x258.jpeg\" alt=\"\" class=\"wp-image-7591\" srcset=\"https:\/\/gruene-olching.de\/blog\/wp-content\/uploads\/KommWahl2026_Stadtrat-800x258.jpeg 800w, https:\/\/gruene-olching.de\/blog\/wp-content\/uploads\/KommWahl2026_Stadtrat-400x129.jpeg 400w, https:\/\/gruene-olching.de\/blog\/wp-content\/uploads\/KommWahl2026_Stadtrat-150x48.jpeg 150w, https:\/\/gruene-olching.de\/blog\/wp-content\/uploads\/KommWahl2026_Stadtrat.jpeg 992w\" sizes=\"auto, (max-width: 800px) 100vw, 800px\" \/><\/figure>\n\n\n\n<figure class=\"wp-block-image size-large\"><img loading=\"lazy\" decoding=\"async\" width=\"800\" height=\"284\" src=\"https:\/\/gruene-olching.de\/blog\/wp-content\/uploads\/KommWahl2026_Stadtrat_Diagram-800x284.jpeg\" alt=\"\" class=\"wp-image-7592\" srcset=\"https:\/\/gruene-olching.de\/blog\/wp-content\/uploads\/KommWahl2026_Stadtrat_Diagram-800x284.jpeg 800w, https:\/\/gruene-olching.de\/blog\/wp-content\/uploads\/KommWahl2026_Stadtrat_Diagram-400x142.jpeg 400w, https:\/\/gruene-olching.de\/blog\/wp-content\/uploads\/KommWahl2026_Stadtrat_Diagram-150x53.jpeg 150w, https:\/\/gruene-olching.de\/blog\/wp-content\/uploads\/KommWahl2026_Stadtrat_Diagram.jpeg 992w\" sizes=\"auto, (max-width: 800px) 100vw, 800px\" \/><\/figure>\n","protected":false},"excerpt":{"rendered":"<p>Die Olchinger Gr\u00fcnen bedanken sich herzlich bei allen W\u00e4hlerinnen und W\u00e4hlern f\u00fcr das entgegengebrachte Vertrauen und die Unterst\u00fctzung. Die gew\u00e4hlten Stadtr\u00e4tinnen und Stadtr\u00e4te werden sich auch in der kommenden Amtsperiode engagiert f\u00fcr eine lebenswerte, soziale und zukunftsf\u00e4hige Stadt Olching einsetzen.<\/p>\n","protected":false},"author":11,"featured_media":7578,"comment_status":"closed","ping_status":"closed","sticky":false,"template":"","format":"standard","meta":{"footnotes":""},"categories":[61],"tags":[],"class_list":["post-7567","post","type-post","status-publish","format-standard","has-post-thumbnail","hentry","category-kommunalwahl-2026"],"_links":{"self":[{"href":"https:\/\/gruene-olching.de\/blog\/index.php?rest_route=\/wp\/v2\/posts\/7567","targetHints":{"allow":["GET"]}}],"collection":[{"href":"https:\/\/gruene-olching.de\/blog\/index.php?rest_route=\/wp\/v2\/posts"}],"about":[{"href":"https:\/\/gruene-olching.de\/blog\/index.php?rest_route=\/wp\/v2\/types\/post"}],"author":[{"embeddable":true,"href":"https:\/\/gruene-olching.de\/blog\/index.php?rest_route=\/wp\/v2\/users\/11"}],"replies":[{"embeddable":true,"href":"https:\/\/gruene-olching.de\/blog\/index.php?rest_route=%2Fwp%2Fv2%2Fcomments&post=7567"}],"version-history":[{"count":12,"href":"https:\/\/gruene-olching.de\/blog\/index.php?rest_route=\/wp\/v2\/posts\/7567\/revisions"}],"predecessor-version":[{"id":7596,"href":"https:\/\/gruene-olching.de\/blog\/index.php?rest_route=\/wp\/v2\/posts\/7567\/revisions\/7596"}],"wp:featuredmedia":[{"embeddable":true,"href":"https:\/\/gruene-olching.de\/blog\/index.php?rest_route=\/wp\/v2\/media\/7578"}],"wp:attachment":[{"href":"https:\/\/gruene-olching.de\/blog\/index.php?rest_route=%2Fwp%2Fv2%2Fmedia&parent=7567"}],"wp:term":[{"taxonomy":"category","embeddable":true,"href":"https:\/\/gruene-olching.de\/blog\/index.php?rest_route=%2Fwp%2Fv2%2Fcategories&post=7567"},{"taxonomy":"post_tag","embeddable":true,"href":"https:\/\/gruene-olching.de\/blog\/index.php?rest_route=%2Fwp%2Fv2%2Ftags&post=7567"}],"curies":[{"name":"wp","href":"https:\/\/api.w.org\/{rel}","templated":true}]}}