{"id":7623,"date":"2026-03-13T20:36:04","date_gmt":"2026-03-13T19:36:04","guid":{"rendered":"https:\/\/gruene-olching.de\/blog\/?p=7623"},"modified":"2026-03-13T20:36:04","modified_gmt":"2026-03-13T19:36:04","slug":"haustuergespraeche-zur-stichwahl-unserer-neuen-landraetin","status":"publish","type":"post","link":"https:\/\/gruene-olching.de\/blog\/?p=7623","title":{"rendered":"Haust\u00fcrgespr\u00e4che zur Stichwahl unserer neuen Landr\u00e4tin"},"content":{"rendered":"\n<p>Am Sonntag, den <strong>15.03.<\/strong>, sind <strong>Ronja von Wurmb-Seibel<\/strong> gemeinsam mit <strong>Ricarda Lang<\/strong> in <strong>Olching<\/strong> f\u00fcr Haust\u00fcrgespr\u00e4che unterwegs.<br \/>Treffpunkt ist um <strong>11:00 Uhr<\/strong> am <strong>Parkplatz der Mittelschule \/ des Gymnasiums<\/strong>.<br \/>Interessierte sind herzlich eingeladen, dabei zu sein und ins Gespr\u00e4ch zu kommen.<\/p>\n","protected":false},"excerpt":{"rendered":"<p>Am Sonntag, den 15.03., sind Ronja von Wurmb-Seibel gemeinsam mit Ricarda Lang in Olching f\u00fcr Haust\u00fcrgespr\u00e4che unterwegs.Treffpunkt ist um 11:00 Uhr am Parkplatz der Mittelschule \/ des Gymnasiums.Interessierte sind herzlich&#8230; <\/p>\n","protected":false},"author":11,"featured_media":7610,"comment_status":"closed","ping_status":"closed","sticky":false,"template":"","format":"standard","meta":{"footnotes":""},"categories":[61],"tags":[],"class_list":["post-7623","post","type-post","status-publish","format-standard","has-post-thumbnail","hentry","category-kommunalwahl-2026"],"_links":{"self":[{"href":"https:\/\/gruene-olching.de\/blog\/index.php?rest_route=\/wp\/v2\/posts\/7623","targetHints":{"allow":["GET"]}}],"collection":[{"href":"https:\/\/gruene-olching.de\/blog\/index.php?rest_route=\/wp\/v2\/posts"}],"about":[{"href":"https:\/\/gruene-olching.de\/blog\/index.php?rest_route=\/wp\/v2\/types\/post"}],"author":[{"embeddable":true,"href":"https:\/\/gruene-olching.de\/blog\/index.php?rest_route=\/wp\/v2\/users\/11"}],"replies":[{"embeddable":true,"href":"https:\/\/gruene-olching.de\/blog\/index.php?rest_route=%2Fwp%2Fv2%2Fcomments&post=7623"}],"version-history":[{"count":1,"href":"https:\/\/gruene-olching.de\/blog\/index.php?rest_route=\/wp\/v2\/posts\/7623\/revisions"}],"predecessor-version":[{"id":7624,"href":"https:\/\/gruene-olching.de\/blog\/index.php?rest_route=\/wp\/v2\/posts\/7623\/revisions\/7624"}],"wp:featuredmedia":[{"embeddable":true,"href":"https:\/\/gruene-olching.de\/blog\/index.php?rest_route=\/wp\/v2\/media\/7610"}],"wp:attachment":[{"href":"https:\/\/gruene-olching.de\/blog\/index.php?rest_route=%2Fwp%2Fv2%2Fmedia&parent=7623"}],"wp:term":[{"taxonomy":"category","embeddable":true,"href":"https:\/\/gruene-olching.de\/blog\/index.php?rest_route=%2Fwp%2Fv2%2Fcategories&post=7623"},{"taxonomy":"post_tag","embeddable":true,"href":"https:\/\/gruene-olching.de\/blog\/index.php?rest_route=%2Fwp%2Fv2%2Ftags&post=7623"}],"curies":[{"name":"wp","href":"https:\/\/api.w.org\/{rel}","templated":true}]}}