{"id":7627,"date":"2026-03-18T08:30:59","date_gmt":"2026-03-18T07:30:59","guid":{"rendered":"https:\/\/gruene-olching.de\/blog\/?p=7627"},"modified":"2026-03-18T08:56:15","modified_gmt":"2026-03-18T07:56:15","slug":"infostand-der-olchinger-gruenen-am-21-3-10-12-uhr","status":"publish","type":"post","link":"https:\/\/gruene-olching.de\/blog\/?p=7627","title":{"rendered":"Sa. 21.3. Infostand der Olchinger GR\u00dcNEN  von 10-12 Uhr"},"content":{"rendered":"\n<p> Treffen Sie uns am Infostand der Olchinger GR\u00dcNEN und informieren sich \u00fcber die Landratskandidatin Ronja von Wurmb-Seibel.<\/p>\n\n\n\n<p>Wir stehen Ihnen am Samstag, den 21.3. von 10 bis 12 Uhr am N\u00f6scherplatz vor der Kirche zur Verf\u00fcgung.<\/p>\n\n\n\n<p>Am So., den<strong> 22.3.2026 findet die Stichwahl statt<\/strong>! Gehen Sie w\u00e4hlen! W\u00e4hlen Sie den Wechsel, statt das &#8222;Weiter so wie bisher&#8220;. <\/p>\n\n\n\n<figure class=\"wp-block-image size-full is-resized\"><img loading=\"lazy\" decoding=\"async\" width=\"724\" height=\"1024\" src=\"https:\/\/gruene-olching.de\/blog\/wp-content\/uploads\/20260309_Stichwahl.jpg\" alt=\"\" class=\"wp-image-7547\" style=\"width:221px;height:auto\" srcset=\"https:\/\/gruene-olching.de\/blog\/wp-content\/uploads\/20260309_Stichwahl.jpg 724w, https:\/\/gruene-olching.de\/blog\/wp-content\/uploads\/20260309_Stichwahl-400x566.jpg 400w, https:\/\/gruene-olching.de\/blog\/wp-content\/uploads\/20260309_Stichwahl-106x150.jpg 106w\" sizes=\"auto, (max-width: 724px) 100vw, 724px\" \/><\/figure>\n","protected":false},"excerpt":{"rendered":"<p>Sonntag, den 22. M\u00e4rz findet die Stichwahl zur Wahl der Landr\u00e4tin statt! Gehen Sie w\u00e4hlen! W\u00e4hlen Sie den Wechsel: Ronja von Wurmb-Seibel!<\/p>\n","protected":false},"author":5,"featured_media":7637,"comment_status":"closed","ping_status":"closed","sticky":false,"template":"","format":"standard","meta":{"footnotes":""},"categories":[49],"tags":[],"class_list":["post-7627","post","type-post","status-publish","format-standard","has-post-thumbnail","hentry","category-infostand"],"_links":{"self":[{"href":"https:\/\/gruene-olching.de\/blog\/index.php?rest_route=\/wp\/v2\/posts\/7627","targetHints":{"allow":["GET"]}}],"collection":[{"href":"https:\/\/gruene-olching.de\/blog\/index.php?rest_route=\/wp\/v2\/posts"}],"about":[{"href":"https:\/\/gruene-olching.de\/blog\/index.php?rest_route=\/wp\/v2\/types\/post"}],"author":[{"embeddable":true,"href":"https:\/\/gruene-olching.de\/blog\/index.php?rest_route=\/wp\/v2\/users\/5"}],"replies":[{"embeddable":true,"href":"https:\/\/gruene-olching.de\/blog\/index.php?rest_route=%2Fwp%2Fv2%2Fcomments&post=7627"}],"version-history":[{"count":5,"href":"https:\/\/gruene-olching.de\/blog\/index.php?rest_route=\/wp\/v2\/posts\/7627\/revisions"}],"predecessor-version":[{"id":7638,"href":"https:\/\/gruene-olching.de\/blog\/index.php?rest_route=\/wp\/v2\/posts\/7627\/revisions\/7638"}],"wp:featuredmedia":[{"embeddable":true,"href":"https:\/\/gruene-olching.de\/blog\/index.php?rest_route=\/wp\/v2\/media\/7637"}],"wp:attachment":[{"href":"https:\/\/gruene-olching.de\/blog\/index.php?rest_route=%2Fwp%2Fv2%2Fmedia&parent=7627"}],"wp:term":[{"taxonomy":"category","embeddable":true,"href":"https:\/\/gruene-olching.de\/blog\/index.php?rest_route=%2Fwp%2Fv2%2Fcategories&post=7627"},{"taxonomy":"post_tag","embeddable":true,"href":"https:\/\/gruene-olching.de\/blog\/index.php?rest_route=%2Fwp%2Fv2%2Ftags&post=7627"}],"curies":[{"name":"wp","href":"https:\/\/api.w.org\/{rel}","templated":true}]}}